{"id":9408,"date":"2024-12-03T14:49:19","date_gmt":"2024-12-03T13:49:19","guid":{"rendered":"https:\/\/www.pasqualarnella.com\/?p=9408"},"modified":"2026-02-18T12:15:58","modified_gmt":"2026-02-18T12:15:58","slug":"pasqual-arnella-lucca-biennale-cartasia","status":"publish","type":"post","link":"https:\/\/pasqualarnella.com\/es\/pasqual-arnella-lucca-biennale-cartasia\/","title":{"rendered":"Pasqual Arnella en la Lucca Biennale Cartasia"},"content":{"rendered":"\t\t<div data-elementor-type=\"wp-post\" data-elementor-id=\"9408\" class=\"elementor elementor-9408\" data-elementor-post-type=\"post\">\n\t\t\t\t\t\t<section class=\"elementor-section elementor-top-section elementor-element elementor-element-42b26cd elementor-section-boxed elementor-section-height-default elementor-section-height-default\" data-id=\"42b26cd\" data-element_type=\"section\" data-e-type=\"section\" data-settings=\"{&quot;jet_parallax_layout_list&quot;:[]}\">\n\t\t\t\t\t\t<div class=\"elementor-container elementor-column-gap-default\">\n\t\t\t\t\t<div class=\"elementor-column elementor-col-100 elementor-top-column elementor-element elementor-element-a45375e\" data-id=\"a45375e\" data-element_type=\"column\" data-e-type=\"column\">\n\t\t\t<div class=\"elementor-widget-wrap elementor-element-populated\">\n\t\t\t\t\t\t<div class=\"elementor-element elementor-element-d3a4ae6 elementor-widget elementor-widget-text-editor\" data-id=\"d3a4ae6\" data-element_type=\"widget\" data-e-type=\"widget\" data-widget_type=\"text-editor.default\">\n\t\t\t\t<div class=\"elementor-widget-container\">\n\t\t\t\t\t\t\t\t\t<p>Para muchos, el papel es solo un material de uso cotidiano, pero para quienes valoran la sostenibilidad y el arte, se ha convertido en una puerta a nuevas formas de expresi\u00f3n y compromiso con el planeta. En un momento en que los recursos deben ser gestionados con responsabilidad, el papel est\u00e1 cobrando un nuevo significado: ser parte de la soluci\u00f3n. Esto es algo que en Pasqual Arnella, con nuestras profundas ra\u00edces en la artesan\u00eda del papel, valoramos y promovemos. Nos enorgullece trabajar cada d\u00eda con este material vers\u00e1til, capaz de inspirar y de contar historias a trav\u00e9s de cada una de sus formas.<\/p><p>Nuestra participaci\u00f3n en la <b>Lucca Biennale Cartasia<\/b> es una extensi\u00f3n natural de este compromiso. Este prestigioso evento, que re\u00fane a artistas, dise\u00f1adores y arquitectos de todo el mundo, celebra el papel no solo como un material, sino como un medio de innovaci\u00f3n, tradici\u00f3n y sostenibilidad. Para Pasqual Arnella, formar parte de esta bienal significa no solo exhibir nuestra visi\u00f3n y creatividad, sino tambi\u00e9n contribuir a una plataforma que redefine el papel como un s\u00edmbolo de responsabilidad y belleza, demostrando que el arte puede ser un motor para el cambio y un veh\u00edculo para nuevas perspectivas.<\/p>\t\t\t\t\t\t\t\t<\/div>\n\t\t\t\t<\/div>\n\t\t\t\t\t<\/div>\n\t\t<\/div>\n\t\t\t\t\t<\/div>\n\t\t<\/section>\n\t\t\t\t<section class=\"elementor-section elementor-top-section elementor-element elementor-element-2973ae2 elementor-section-boxed elementor-section-height-default elementor-section-height-default\" data-id=\"2973ae2\" data-element_type=\"section\" data-e-type=\"section\" data-settings=\"{&quot;jet_parallax_layout_list&quot;:[]}\">\n\t\t\t\t\t\t<div class=\"elementor-container elementor-column-gap-default\">\n\t\t\t\t\t<div class=\"elementor-column elementor-col-100 elementor-top-column elementor-element elementor-element-015567f\" data-id=\"015567f\" data-element_type=\"column\" data-e-type=\"column\">\n\t\t\t<div class=\"elementor-widget-wrap elementor-element-populated\">\n\t\t\t\t\t\t<div class=\"elementor-element elementor-element-180dec1 elementor-widget elementor-widget-image\" data-id=\"180dec1\" data-element_type=\"widget\" data-e-type=\"widget\" data-widget_type=\"image.default\">\n\t\t\t\t<div class=\"elementor-widget-container\">\n\t\t\t\t\t\t\t\t\t\t\t\t\t\t\t<img fetchpriority=\"high\" decoding=\"async\" width=\"800\" height=\"670\" src=\"https:\/\/pasqualarnella.com\/wp-content\/uploads\/2024\/12\/1er-paragraf-1024x857.png\" class=\"attachment-large size-large wp-image-13484\" alt=\"\" srcset=\"https:\/\/pasqualarnella.com\/wp-content\/uploads\/2024\/12\/1er-paragraf-1024x857.png 1024w, https:\/\/pasqualarnella.com\/wp-content\/uploads\/2024\/12\/1er-paragraf-300x251.png 300w, https:\/\/pasqualarnella.com\/wp-content\/uploads\/2024\/12\/1er-paragraf-768x642.png 768w, https:\/\/pasqualarnella.com\/wp-content\/uploads\/2024\/12\/1er-paragraf-600x502.png 600w, https:\/\/pasqualarnella.com\/wp-content\/uploads\/2024\/12\/1er-paragraf.png 1333w\" sizes=\"(max-width: 800px) 100vw, 800px\" \/>\t\t\t\t\t\t\t\t\t\t\t\t\t\t\t<\/div>\n\t\t\t\t<\/div>\n\t\t\t\t\t<\/div>\n\t\t<\/div>\n\t\t\t\t\t<\/div>\n\t\t<\/section>\n\t\t\t\t<section class=\"elementor-section elementor-top-section elementor-element elementor-element-1d0dfdf elementor-section-boxed elementor-section-height-default elementor-section-height-default\" data-id=\"1d0dfdf\" data-element_type=\"section\" data-e-type=\"section\" data-settings=\"{&quot;jet_parallax_layout_list&quot;:[]}\">\n\t\t\t\t\t\t<div class=\"elementor-container elementor-column-gap-default\">\n\t\t\t\t\t<div class=\"elementor-column elementor-col-100 elementor-top-column elementor-element elementor-element-6c4812a\" data-id=\"6c4812a\" data-element_type=\"column\" data-e-type=\"column\">\n\t\t\t<div class=\"elementor-widget-wrap elementor-element-populated\">\n\t\t\t\t\t\t<div class=\"elementor-element elementor-element-eabc68d elementor-widget elementor-widget-text-editor\" data-id=\"eabc68d\" data-element_type=\"widget\" data-e-type=\"widget\" data-widget_type=\"text-editor.default\">\n\t\t\t\t<div class=\"elementor-widget-container\">\n\t\t\t\t\t\t\t\t\t<h3>El lema de este a\u00f1o: \u201cHere and Now: Tomorrow\u201d<\/h3><p style=\"font-size: 16px;\">En esta edici\u00f3n, la\u00a0<span style=\"font-weight: bold;\">Lucca Biennale Cartasia (LUBICA)<\/span>\u00a0nos invita a reflexionar con el lema \u00abHere and Now: Tomorrow\u00bb, un mensaje que destaca la importancia de tomar decisiones responsables hoy para cuidar el ma\u00f1ana. Este lema conecta de manera directa con nuestra visi\u00f3n en Pasqual Arnella, donde creemos que el dise\u00f1o y la sostenibilidad pueden ir de la mano para dejar una huella positiva en el tiempo.<span style=\"color: #232222;\">\u00a0<\/span><\/p><h3>El arte en papel: Expresarse con responsabilidad<\/h3><p>Para los artistas de todo el mundo, el papel se ha convertido en un medio de expresi\u00f3n que va m\u00e1s all\u00e1 de su funci\u00f3n pr\u00e1ctica. Es un s\u00edmbolo de respeto por lo que nos rodea, un material que permite transmitir un mensaje claro sobre la importancia de cuidar el planeta. En Pasqual Arnella estamos orgullosos de aportar a esta tendencia con nuestros maniqu\u00edes de pasta de papel, una propuesta que combina lo funcional y lo sostenible. Gracias a la recomendaci\u00f3n de\u00a0<a style=\"transition-property: all;\" href=\"https:\/\/cartonlab.com\/\" target=\"_blank\" rel=\"noopener\">Cartonlab<\/a>, fuimos invitados a LUBICA, donde nuestros maniqu\u00edes formaron parte de un espacio en el que\u00a0<span style=\"font-weight: bold;\">creatividad y sostenibilidad<\/span>\u00a0se complementan.<\/p>\t\t\t\t\t\t\t\t<\/div>\n\t\t\t\t<\/div>\n\t\t\t\t\t<\/div>\n\t\t<\/div>\n\t\t\t\t\t<\/div>\n\t\t<\/section>\n\t\t\t\t<section class=\"elementor-section elementor-top-section elementor-element elementor-element-e7b1b7c elementor-section-boxed elementor-section-height-default elementor-section-height-default\" data-id=\"e7b1b7c\" data-element_type=\"section\" data-e-type=\"section\" data-settings=\"{&quot;jet_parallax_layout_list&quot;:[]}\">\n\t\t\t\t\t\t<div class=\"elementor-container elementor-column-gap-default\">\n\t\t\t\t\t<div class=\"elementor-column elementor-col-100 elementor-top-column elementor-element elementor-element-6f3d7bd\" data-id=\"6f3d7bd\" data-element_type=\"column\" data-e-type=\"column\">\n\t\t\t<div class=\"elementor-widget-wrap elementor-element-populated\">\n\t\t\t\t\t\t<div class=\"elementor-element elementor-element-fcbd93b elementor-widget elementor-widget-image\" data-id=\"fcbd93b\" data-element_type=\"widget\" data-e-type=\"widget\" data-widget_type=\"image.default\">\n\t\t\t\t<div class=\"elementor-widget-container\">\n\t\t\t\t\t\t\t\t\t\t\t\t\t\t\t<img decoding=\"async\" width=\"783\" height=\"1024\" src=\"https:\/\/pasqualarnella.com\/wp-content\/uploads\/2024\/12\/art-in-paper-783x1024.png\" class=\"attachment-large size-large wp-image-13485\" alt=\"\" srcset=\"https:\/\/pasqualarnella.com\/wp-content\/uploads\/2024\/12\/art-in-paper-783x1024.png 783w, https:\/\/pasqualarnella.com\/wp-content\/uploads\/2024\/12\/art-in-paper-229x300.png 229w, https:\/\/pasqualarnella.com\/wp-content\/uploads\/2024\/12\/art-in-paper-768x1005.png 768w, https:\/\/pasqualarnella.com\/wp-content\/uploads\/2024\/12\/art-in-paper-1174x1536.png 1174w, https:\/\/pasqualarnella.com\/wp-content\/uploads\/2024\/12\/art-in-paper-600x785.png 600w, https:\/\/pasqualarnella.com\/wp-content\/uploads\/2024\/12\/art-in-paper.png 1333w\" sizes=\"(max-width: 783px) 100vw, 783px\" \/>\t\t\t\t\t\t\t\t\t\t\t\t\t\t\t<\/div>\n\t\t\t\t<\/div>\n\t\t\t\t\t<\/div>\n\t\t<\/div>\n\t\t\t\t\t<\/div>\n\t\t<\/section>\n\t\t\t\t<section class=\"elementor-section elementor-top-section elementor-element elementor-element-ee13152 elementor-section-boxed elementor-section-height-default elementor-section-height-default\" data-id=\"ee13152\" data-element_type=\"section\" data-e-type=\"section\" data-settings=\"{&quot;jet_parallax_layout_list&quot;:[]}\">\n\t\t\t\t\t\t<div class=\"elementor-container elementor-column-gap-default\">\n\t\t\t\t\t<div class=\"elementor-column elementor-col-100 elementor-top-column elementor-element elementor-element-b276076\" data-id=\"b276076\" data-element_type=\"column\" data-e-type=\"column\">\n\t\t\t<div class=\"elementor-widget-wrap elementor-element-populated\">\n\t\t\t\t\t\t<div class=\"elementor-element elementor-element-0dfb908 elementor-widget elementor-widget-text-editor\" data-id=\"0dfb908\" data-element_type=\"widget\" data-e-type=\"widget\" data-widget_type=\"text-editor.default\">\n\t\t\t\t<div class=\"elementor-widget-container\">\n\t\t\t\t\t\t\t\t\t<h3>Un legado de tradici\u00f3n e innovaci\u00f3n<\/h3><p style=\"font-size: 16px;\">Pasqual Arnella lleva generaciones en el negocio, con la misi\u00f3n de crear productos que sean un reflejo de nuestras ra\u00edces artesanales y, al mismo tiempo,&nbsp;<span style=\"font-weight: 700;\">una apuesta por la innovaci\u00f3n sostenible<\/span>. Nuestros maniqu\u00edes de papel reciclado no solo cumplen una funci\u00f3n est\u00e9tica, sino que representan nuestro compromiso con el medio ambiente. Esta combinaci\u00f3n de tradici\u00f3n e innovaci\u00f3n encontr\u00f3 en LUBICA el lugar ideal para mostrar c\u00f3mo el papel, cuando se usa conscientemente, tiene un gran potencial en el arte y el dise\u00f1o.<span style=\"color: rgb(35, 34, 34);\">&nbsp;<\/span><\/p>\t\t\t\t\t\t\t\t<\/div>\n\t\t\t\t<\/div>\n\t\t\t\t\t<\/div>\n\t\t<\/div>\n\t\t\t\t\t<\/div>\n\t\t<\/section>\n\t\t\t\t<section class=\"elementor-section elementor-top-section elementor-element elementor-element-260f2e2 elementor-section-boxed elementor-section-height-default elementor-section-height-default\" data-id=\"260f2e2\" data-element_type=\"section\" data-e-type=\"section\" data-settings=\"{&quot;jet_parallax_layout_list&quot;:[]}\">\n\t\t\t\t\t\t<div class=\"elementor-container elementor-column-gap-default\">\n\t\t\t\t\t<div class=\"elementor-column elementor-col-100 elementor-top-column elementor-element elementor-element-7d9ed14\" data-id=\"7d9ed14\" data-element_type=\"column\" data-e-type=\"column\">\n\t\t\t<div class=\"elementor-widget-wrap elementor-element-populated\">\n\t\t\t\t\t\t<div class=\"elementor-element elementor-element-3b90cb6 elementor-widget elementor-widget-image\" data-id=\"3b90cb6\" data-element_type=\"widget\" data-e-type=\"widget\" data-widget_type=\"image.default\">\n\t\t\t\t<div class=\"elementor-widget-container\">\n\t\t\t\t\t\t\t\t\t\t\t\t\t\t\t<img decoding=\"async\" width=\"800\" height=\"534\" src=\"https:\/\/pasqualarnella.com\/wp-content\/uploads\/2024\/12\/A-legacy-of-tadition-1024x683.jpg\" class=\"attachment-large size-large wp-image-13486\" alt=\"\" srcset=\"https:\/\/pasqualarnella.com\/wp-content\/uploads\/2024\/12\/A-legacy-of-tadition-1024x683.jpg 1024w, https:\/\/pasqualarnella.com\/wp-content\/uploads\/2024\/12\/A-legacy-of-tadition-300x200.jpg 300w, https:\/\/pasqualarnella.com\/wp-content\/uploads\/2024\/12\/A-legacy-of-tadition-768x512.jpg 768w, https:\/\/pasqualarnella.com\/wp-content\/uploads\/2024\/12\/A-legacy-of-tadition-1536x1024.jpg 1536w, https:\/\/pasqualarnella.com\/wp-content\/uploads\/2024\/12\/A-legacy-of-tadition-600x400.jpg 600w, https:\/\/pasqualarnella.com\/wp-content\/uploads\/2024\/12\/A-legacy-of-tadition.jpg 1920w\" sizes=\"(max-width: 800px) 100vw, 800px\" \/>\t\t\t\t\t\t\t\t\t\t\t\t\t\t\t<\/div>\n\t\t\t\t<\/div>\n\t\t\t\t\t<\/div>\n\t\t<\/div>\n\t\t\t\t\t<\/div>\n\t\t<\/section>\n\t\t\t\t<section class=\"elementor-section elementor-top-section elementor-element elementor-element-448c531 elementor-section-boxed elementor-section-height-default elementor-section-height-default\" data-id=\"448c531\" data-element_type=\"section\" data-e-type=\"section\" data-settings=\"{&quot;jet_parallax_layout_list&quot;:[]}\">\n\t\t\t\t\t\t<div class=\"elementor-container elementor-column-gap-default\">\n\t\t\t\t\t<div class=\"elementor-column elementor-col-100 elementor-top-column elementor-element elementor-element-a370d9d\" data-id=\"a370d9d\" data-element_type=\"column\" data-e-type=\"column\">\n\t\t\t<div class=\"elementor-widget-wrap elementor-element-populated\">\n\t\t\t\t\t\t<div class=\"elementor-element elementor-element-60b4f78 elementor-widget elementor-widget-text-editor\" data-id=\"60b4f78\" data-element_type=\"widget\" data-e-type=\"widget\" data-widget_type=\"text-editor.default\">\n\t\t\t\t<div class=\"elementor-widget-container\">\n\t\t\t\t\t\t\t\t\t<h3>Sostenibilidad desde el coraz\u00f3n<\/h3><p style=\"font-size: 16px;\">En Pasqual Arnella, creemos que cada acci\u00f3n, por peque\u00f1a que sea, puede marcar la diferencia. Aunque somos una empresa peque\u00f1a, colaboramos con artistas y dise\u00f1adores que comparten nuestra visi\u00f3n de un mundo m\u00e1s consciente, creando soluciones que no solo aporten valor est\u00e9tico, sino que tambi\u00e9n respeten nuestro entorno. Trabajamos de manera comprometida para seguir mejorando, con la convicci\u00f3n de que nuestro granito de arena puede contribuir a un futuro m\u00e1s sostenible.<\/p><p>La Lucca Biennale Cartasia y otros eventos que apoyan el uso de materiales responsables nos recuerdan el impacto positivo que pueden tener nuestras decisiones en el mundo. En Pasqual Arnella, seguiremos explorando las posibilidades que ofrece el papel, un material que, como nosotros, evoluciona para adaptarse a las necesidades de un planeta en transformaci\u00f3n. Con cada proyecto, reafirmamos nuestro compromiso de construir un futuro donde el arte, la sostenibilidad y el respeto por el entorno se encuentren en equilibrio.<\/p>\t\t\t\t\t\t\t\t<\/div>\n\t\t\t\t<\/div>\n\t\t\t\t\t<\/div>\n\t\t<\/div>\n\t\t\t\t\t<\/div>\n\t\t<\/section>\n\t\t\t\t<section class=\"elementor-section elementor-top-section elementor-element elementor-element-43523c6 elementor-section-boxed elementor-section-height-default elementor-section-height-default\" data-id=\"43523c6\" data-element_type=\"section\" data-e-type=\"section\" data-settings=\"{&quot;jet_parallax_layout_list&quot;:[]}\">\n\t\t\t\t\t\t<div class=\"elementor-container elementor-column-gap-default\">\n\t\t\t\t\t<div class=\"elementor-column elementor-col-100 elementor-top-column elementor-element elementor-element-32ec0f9\" data-id=\"32ec0f9\" data-element_type=\"column\" data-e-type=\"column\">\n\t\t\t<div class=\"elementor-widget-wrap elementor-element-populated\">\n\t\t\t\t\t\t<div class=\"elementor-element elementor-element-b64f5be elementor-widget elementor-widget-image\" data-id=\"b64f5be\" data-element_type=\"widget\" data-e-type=\"widget\" data-widget_type=\"image.default\">\n\t\t\t\t<div class=\"elementor-widget-container\">\n\t\t\t\t\t\t\t\t\t\t\t\t\t\t\t<img loading=\"lazy\" decoding=\"async\" width=\"684\" height=\"1024\" src=\"https:\/\/pasqualarnella.com\/wp-content\/uploads\/2024\/12\/final-684x1024.jpg\" class=\"attachment-large size-large wp-image-13487\" alt=\"\" srcset=\"https:\/\/pasqualarnella.com\/wp-content\/uploads\/2024\/12\/final-684x1024.jpg 684w, https:\/\/pasqualarnella.com\/wp-content\/uploads\/2024\/12\/final-200x300.jpg 200w, https:\/\/pasqualarnella.com\/wp-content\/uploads\/2024\/12\/final-768x1150.jpg 768w, https:\/\/pasqualarnella.com\/wp-content\/uploads\/2024\/12\/final-1026x1536.jpg 1026w, https:\/\/pasqualarnella.com\/wp-content\/uploads\/2024\/12\/final-320x480.jpg 320w, https:\/\/pasqualarnella.com\/wp-content\/uploads\/2024\/12\/final-600x899.jpg 600w, https:\/\/pasqualarnella.com\/wp-content\/uploads\/2024\/12\/final.jpg 1282w\" sizes=\"(max-width: 684px) 100vw, 684px\" \/>\t\t\t\t\t\t\t\t\t\t\t\t\t\t\t<\/div>\n\t\t\t\t<\/div>\n\t\t\t\t\t<\/div>\n\t\t<\/div>\n\t\t\t\t\t<\/div>\n\t\t<\/section>\n\t\t\t\t<\/div>\n\t\t","protected":false},"excerpt":{"rendered":"<p>Para muchos, el papel es solo un material de uso cotidiano, pero para quienes valoran la sostenibilidad y el arte, se ha convertido en una puerta a nuevas formas de expresi\u00f3n y compromiso con el planeta. En un momento en que los recursos deben ser gestionados con responsabilidad, el papel est\u00e1 cobrando un nuevo significado: [&hellip;]<\/p>\n","protected":false},"author":4,"featured_media":11004,"comment_status":"open","ping_status":"open","sticky":false,"template":"elementor_theme","format":"standard","meta":{"_jet_sm_ready_style":"","_jet_sm_style":"","_jet_sm_controls_values":"","_jet_sm_fonts_collection":"","_jet_sm_fonts_links":"","footnotes":""},"categories":[2],"tags":[],"class_list":["post-9408","post","type-post","status-publish","format-standard","has-post-thumbnail","hentry","category-sin-categorizar"],"yoast_head":"<!-- This site is optimized with the Yoast SEO plugin v27.0 - https:\/\/yoast.com\/product\/yoast-seo-wordpress\/ -->\n<title>Pasqual Arnella en la Lucca Biennale Cartasia<\/title>\n<meta name=\"robots\" content=\"index, follow, max-snippet:-1, max-image-preview:large, max-video-preview:-1\" \/>\n<link rel=\"canonical\" href=\"https:\/\/pasqualarnella.com\/pasqual-arnella-lucca-biennale-cartasia\/\" \/>\n<meta property=\"og:locale\" content=\"es_ES\" \/>\n<meta property=\"og:type\" content=\"article\" \/>\n<meta property=\"og:title\" content=\"Pasqual Arnella en la Lucca Biennale Cartasia\" \/>\n<meta property=\"og:description\" content=\"Para muchos, el papel es solo un material de uso cotidiano, pero para quienes valoran la sostenibilidad y el arte, se ha convertido en una puerta a nuevas formas de expresi\u00f3n y compromiso con el planeta. En un momento en que los recursos deben ser gestionados con responsabilidad, el papel est\u00e1 cobrando un nuevo significado: [&hellip;]\" \/>\n<meta property=\"og:url\" content=\"https:\/\/pasqualarnella.com\/pasqual-arnella-lucca-biennale-cartasia\/\" \/>\n<meta property=\"og:site_name\" content=\"PasqualArnella\" \/>\n<meta property=\"article:published_time\" content=\"2024-12-03T13:49:19+00:00\" \/>\n<meta property=\"article:modified_time\" content=\"2026-02-18T12:15:58+00:00\" \/>\n<meta property=\"og:image\" content=\"https:\/\/pasqualarnella.com\/wp-content\/uploads\/2024\/12\/1-PORTADA.jpg\" \/>\n\t<meta property=\"og:image:width\" content=\"1282\" \/>\n\t<meta property=\"og:image:height\" content=\"1330\" \/>\n\t<meta property=\"og:image:type\" content=\"image\/jpeg\" \/>\n<meta name=\"author\" content=\"marketing@limbic.cat\" \/>\n<meta name=\"twitter:card\" content=\"summary_large_image\" \/>\n<meta name=\"twitter:label1\" content=\"Escrito por\" \/>\n\t<meta name=\"twitter:data1\" content=\"marketing@limbic.cat\" \/>\n\t<meta name=\"twitter:label2\" content=\"Tiempo de lectura\" \/>\n\t<meta name=\"twitter:data2\" content=\"4 minutos\" \/>\n<script type=\"application\/ld+json\" class=\"yoast-schema-graph\">{\"@context\":\"https:\/\/schema.org\",\"@graph\":[{\"@type\":\"Article\",\"@id\":\"https:\/\/pasqualarnella.com\/pasqual-arnella-lucca-biennale-cartasia\/#article\",\"isPartOf\":{\"@id\":\"https:\/\/pasqualarnella.com\/pasqual-arnella-lucca-biennale-cartasia\/\"},\"author\":{\"name\":\"marketing@limbic.cat\",\"@id\":\"https:\/\/pasqualarnella.com\/#\/schema\/person\/d697584f103985c91ade7c9499b126d8\"},\"headline\":\"Pasqual Arnella en la Lucca Biennale Cartasia\",\"datePublished\":\"2024-12-03T13:49:19+00:00\",\"dateModified\":\"2026-02-18T12:15:58+00:00\",\"mainEntityOfPage\":{\"@id\":\"https:\/\/pasqualarnella.com\/pasqual-arnella-lucca-biennale-cartasia\/\"},\"wordCount\":689,\"commentCount\":0,\"publisher\":{\"@id\":\"https:\/\/pasqualarnella.com\/#organization\"},\"image\":{\"@id\":\"https:\/\/pasqualarnella.com\/pasqual-arnella-lucca-biennale-cartasia\/#primaryimage\"},\"thumbnailUrl\":\"https:\/\/pasqualarnella.com\/wp-content\/uploads\/2024\/12\/1-PORTADA.jpg\",\"articleSection\":[\"Sin categorizar\"],\"inLanguage\":\"es\",\"potentialAction\":[{\"@type\":\"CommentAction\",\"name\":\"Comment\",\"target\":[\"https:\/\/pasqualarnella.com\/pasqual-arnella-lucca-biennale-cartasia\/#respond\"]}]},{\"@type\":\"WebPage\",\"@id\":\"https:\/\/pasqualarnella.com\/pasqual-arnella-lucca-biennale-cartasia\/\",\"url\":\"https:\/\/pasqualarnella.com\/pasqual-arnella-lucca-biennale-cartasia\/\",\"name\":\"Pasqual Arnella en la Lucca Biennale Cartasia\",\"isPartOf\":{\"@id\":\"https:\/\/pasqualarnella.com\/#website\"},\"primaryImageOfPage\":{\"@id\":\"https:\/\/pasqualarnella.com\/pasqual-arnella-lucca-biennale-cartasia\/#primaryimage\"},\"image\":{\"@id\":\"https:\/\/pasqualarnella.com\/pasqual-arnella-lucca-biennale-cartasia\/#primaryimage\"},\"thumbnailUrl\":\"https:\/\/pasqualarnella.com\/wp-content\/uploads\/2024\/12\/1-PORTADA.jpg\",\"datePublished\":\"2024-12-03T13:49:19+00:00\",\"dateModified\":\"2026-02-18T12:15:58+00:00\",\"breadcrumb\":{\"@id\":\"https:\/\/pasqualarnella.com\/pasqual-arnella-lucca-biennale-cartasia\/#breadcrumb\"},\"inLanguage\":\"es\",\"potentialAction\":[{\"@type\":\"ReadAction\",\"target\":[\"https:\/\/pasqualarnella.com\/pasqual-arnella-lucca-biennale-cartasia\/\"]}]},{\"@type\":\"ImageObject\",\"inLanguage\":\"es\",\"@id\":\"https:\/\/pasqualarnella.com\/pasqual-arnella-lucca-biennale-cartasia\/#primaryimage\",\"url\":\"https:\/\/pasqualarnella.com\/wp-content\/uploads\/2024\/12\/1-PORTADA.jpg\",\"contentUrl\":\"https:\/\/pasqualarnella.com\/wp-content\/uploads\/2024\/12\/1-PORTADA.jpg\",\"width\":1282,\"height\":1330},{\"@type\":\"BreadcrumbList\",\"@id\":\"https:\/\/pasqualarnella.com\/pasqual-arnella-lucca-biennale-cartasia\/#breadcrumb\",\"itemListElement\":[{\"@type\":\"ListItem\",\"position\":1,\"name\":\"Home\",\"item\":\"https:\/\/pasqualarnella.com\/\"},{\"@type\":\"ListItem\",\"position\":2,\"name\":\"Pasqual Arnella en la Lucca Biennale Cartasia\"}]},{\"@type\":\"WebSite\",\"@id\":\"https:\/\/pasqualarnella.com\/#website\",\"url\":\"https:\/\/pasqualarnella.com\/\",\"name\":\"PasqualArnella\",\"description\":\"\",\"publisher\":{\"@id\":\"https:\/\/pasqualarnella.com\/#organization\"},\"potentialAction\":[{\"@type\":\"SearchAction\",\"target\":{\"@type\":\"EntryPoint\",\"urlTemplate\":\"https:\/\/pasqualarnella.com\/?s={search_term_string}\"},\"query-input\":{\"@type\":\"PropertyValueSpecification\",\"valueRequired\":true,\"valueName\":\"search_term_string\"}}],\"inLanguage\":\"es\"},{\"@type\":\"Organization\",\"@id\":\"https:\/\/pasqualarnella.com\/#organization\",\"name\":\"PasqualArnella\",\"url\":\"https:\/\/pasqualarnella.com\/\",\"logo\":{\"@type\":\"ImageObject\",\"inLanguage\":\"es\",\"@id\":\"https:\/\/pasqualarnella.com\/#\/schema\/logo\/image\/\",\"url\":\"https:\/\/pasqualarnella.com\/wp-content\/uploads\/2023\/04\/pasqual-arnella-logo-black.svg\",\"contentUrl\":\"https:\/\/pasqualarnella.com\/wp-content\/uploads\/2023\/04\/pasqual-arnella-logo-black.svg\",\"caption\":\"PasqualArnella\"},\"image\":{\"@id\":\"https:\/\/pasqualarnella.com\/#\/schema\/logo\/image\/\"}},{\"@type\":\"Person\",\"@id\":\"https:\/\/pasqualarnella.com\/#\/schema\/person\/d697584f103985c91ade7c9499b126d8\",\"name\":\"marketing@limbic.cat\",\"image\":{\"@type\":\"ImageObject\",\"inLanguage\":\"es\",\"@id\":\"https:\/\/pasqualarnella.com\/#\/schema\/person\/image\/\",\"url\":\"https:\/\/secure.gravatar.com\/avatar\/13bf9db52b469f9f9804926f5994b06e67b4758144c60de5d1c576c0dc3076d9?s=96&d=mm&r=g\",\"contentUrl\":\"https:\/\/secure.gravatar.com\/avatar\/13bf9db52b469f9f9804926f5994b06e67b4758144c60de5d1c576c0dc3076d9?s=96&d=mm&r=g\",\"caption\":\"marketing@limbic.cat\"}}]}<\/script>\n<!-- \/ Yoast SEO plugin. -->","yoast_head_json":{"title":"Pasqual Arnella en la Lucca Biennale Cartasia","robots":{"index":"index","follow":"follow","max-snippet":"max-snippet:-1","max-image-preview":"max-image-preview:large","max-video-preview":"max-video-preview:-1"},"canonical":"https:\/\/pasqualarnella.com\/pasqual-arnella-lucca-biennale-cartasia\/","og_locale":"es_ES","og_type":"article","og_title":"Pasqual Arnella en la Lucca Biennale Cartasia","og_description":"Para muchos, el papel es solo un material de uso cotidiano, pero para quienes valoran la sostenibilidad y el arte, se ha convertido en una puerta a nuevas formas de expresi\u00f3n y compromiso con el planeta. En un momento en que los recursos deben ser gestionados con responsabilidad, el papel est\u00e1 cobrando un nuevo significado: [&hellip;]","og_url":"https:\/\/pasqualarnella.com\/pasqual-arnella-lucca-biennale-cartasia\/","og_site_name":"PasqualArnella","article_published_time":"2024-12-03T13:49:19+00:00","article_modified_time":"2026-02-18T12:15:58+00:00","og_image":[{"width":1282,"height":1330,"url":"https:\/\/pasqualarnella.com\/wp-content\/uploads\/2024\/12\/1-PORTADA.jpg","type":"image\/jpeg"}],"author":"marketing@limbic.cat","twitter_card":"summary_large_image","twitter_misc":{"Escrito por":"marketing@limbic.cat","Tiempo de lectura":"4 minutos"},"schema":{"@context":"https:\/\/schema.org","@graph":[{"@type":"Article","@id":"https:\/\/pasqualarnella.com\/pasqual-arnella-lucca-biennale-cartasia\/#article","isPartOf":{"@id":"https:\/\/pasqualarnella.com\/pasqual-arnella-lucca-biennale-cartasia\/"},"author":{"name":"marketing@limbic.cat","@id":"https:\/\/pasqualarnella.com\/#\/schema\/person\/d697584f103985c91ade7c9499b126d8"},"headline":"Pasqual Arnella en la Lucca Biennale Cartasia","datePublished":"2024-12-03T13:49:19+00:00","dateModified":"2026-02-18T12:15:58+00:00","mainEntityOfPage":{"@id":"https:\/\/pasqualarnella.com\/pasqual-arnella-lucca-biennale-cartasia\/"},"wordCount":689,"commentCount":0,"publisher":{"@id":"https:\/\/pasqualarnella.com\/#organization"},"image":{"@id":"https:\/\/pasqualarnella.com\/pasqual-arnella-lucca-biennale-cartasia\/#primaryimage"},"thumbnailUrl":"https:\/\/pasqualarnella.com\/wp-content\/uploads\/2024\/12\/1-PORTADA.jpg","articleSection":["Sin categorizar"],"inLanguage":"es","potentialAction":[{"@type":"CommentAction","name":"Comment","target":["https:\/\/pasqualarnella.com\/pasqual-arnella-lucca-biennale-cartasia\/#respond"]}]},{"@type":"WebPage","@id":"https:\/\/pasqualarnella.com\/pasqual-arnella-lucca-biennale-cartasia\/","url":"https:\/\/pasqualarnella.com\/pasqual-arnella-lucca-biennale-cartasia\/","name":"Pasqual Arnella en la Lucca Biennale Cartasia","isPartOf":{"@id":"https:\/\/pasqualarnella.com\/#website"},"primaryImageOfPage":{"@id":"https:\/\/pasqualarnella.com\/pasqual-arnella-lucca-biennale-cartasia\/#primaryimage"},"image":{"@id":"https:\/\/pasqualarnella.com\/pasqual-arnella-lucca-biennale-cartasia\/#primaryimage"},"thumbnailUrl":"https:\/\/pasqualarnella.com\/wp-content\/uploads\/2024\/12\/1-PORTADA.jpg","datePublished":"2024-12-03T13:49:19+00:00","dateModified":"2026-02-18T12:15:58+00:00","breadcrumb":{"@id":"https:\/\/pasqualarnella.com\/pasqual-arnella-lucca-biennale-cartasia\/#breadcrumb"},"inLanguage":"es","potentialAction":[{"@type":"ReadAction","target":["https:\/\/pasqualarnella.com\/pasqual-arnella-lucca-biennale-cartasia\/"]}]},{"@type":"ImageObject","inLanguage":"es","@id":"https:\/\/pasqualarnella.com\/pasqual-arnella-lucca-biennale-cartasia\/#primaryimage","url":"https:\/\/pasqualarnella.com\/wp-content\/uploads\/2024\/12\/1-PORTADA.jpg","contentUrl":"https:\/\/pasqualarnella.com\/wp-content\/uploads\/2024\/12\/1-PORTADA.jpg","width":1282,"height":1330},{"@type":"BreadcrumbList","@id":"https:\/\/pasqualarnella.com\/pasqual-arnella-lucca-biennale-cartasia\/#breadcrumb","itemListElement":[{"@type":"ListItem","position":1,"name":"Home","item":"https:\/\/pasqualarnella.com\/"},{"@type":"ListItem","position":2,"name":"Pasqual Arnella en la Lucca Biennale Cartasia"}]},{"@type":"WebSite","@id":"https:\/\/pasqualarnella.com\/#website","url":"https:\/\/pasqualarnella.com\/","name":"PasqualArnella","description":"","publisher":{"@id":"https:\/\/pasqualarnella.com\/#organization"},"potentialAction":[{"@type":"SearchAction","target":{"@type":"EntryPoint","urlTemplate":"https:\/\/pasqualarnella.com\/?s={search_term_string}"},"query-input":{"@type":"PropertyValueSpecification","valueRequired":true,"valueName":"search_term_string"}}],"inLanguage":"es"},{"@type":"Organization","@id":"https:\/\/pasqualarnella.com\/#organization","name":"PasqualArnella","url":"https:\/\/pasqualarnella.com\/","logo":{"@type":"ImageObject","inLanguage":"es","@id":"https:\/\/pasqualarnella.com\/#\/schema\/logo\/image\/","url":"https:\/\/pasqualarnella.com\/wp-content\/uploads\/2023\/04\/pasqual-arnella-logo-black.svg","contentUrl":"https:\/\/pasqualarnella.com\/wp-content\/uploads\/2023\/04\/pasqual-arnella-logo-black.svg","caption":"PasqualArnella"},"image":{"@id":"https:\/\/pasqualarnella.com\/#\/schema\/logo\/image\/"}},{"@type":"Person","@id":"https:\/\/pasqualarnella.com\/#\/schema\/person\/d697584f103985c91ade7c9499b126d8","name":"marketing@limbic.cat","image":{"@type":"ImageObject","inLanguage":"es","@id":"https:\/\/pasqualarnella.com\/#\/schema\/person\/image\/","url":"https:\/\/secure.gravatar.com\/avatar\/13bf9db52b469f9f9804926f5994b06e67b4758144c60de5d1c576c0dc3076d9?s=96&d=mm&r=g","contentUrl":"https:\/\/secure.gravatar.com\/avatar\/13bf9db52b469f9f9804926f5994b06e67b4758144c60de5d1c576c0dc3076d9?s=96&d=mm&r=g","caption":"marketing@limbic.cat"}}]}},"_links":{"self":[{"href":"https:\/\/pasqualarnella.com\/es\/wp-json\/wp\/v2\/posts\/9408","targetHints":{"allow":["GET"]}}],"collection":[{"href":"https:\/\/pasqualarnella.com\/es\/wp-json\/wp\/v2\/posts"}],"about":[{"href":"https:\/\/pasqualarnella.com\/es\/wp-json\/wp\/v2\/types\/post"}],"author":[{"embeddable":true,"href":"https:\/\/pasqualarnella.com\/es\/wp-json\/wp\/v2\/users\/4"}],"replies":[{"embeddable":true,"href":"https:\/\/pasqualarnella.com\/es\/wp-json\/wp\/v2\/comments?post=9408"}],"version-history":[{"count":7,"href":"https:\/\/pasqualarnella.com\/es\/wp-json\/wp\/v2\/posts\/9408\/revisions"}],"predecessor-version":[{"id":12274,"href":"https:\/\/pasqualarnella.com\/es\/wp-json\/wp\/v2\/posts\/9408\/revisions\/12274"}],"wp:featuredmedia":[{"embeddable":true,"href":"https:\/\/pasqualarnella.com\/es\/wp-json\/wp\/v2\/media\/11004"}],"wp:attachment":[{"href":"https:\/\/pasqualarnella.com\/es\/wp-json\/wp\/v2\/media?parent=9408"}],"wp:term":[{"taxonomy":"category","embeddable":true,"href":"https:\/\/pasqualarnella.com\/es\/wp-json\/wp\/v2\/categories?post=9408"},{"taxonomy":"post_tag","embeddable":true,"href":"https:\/\/pasqualarnella.com\/es\/wp-json\/wp\/v2\/tags?post=9408"}],"curies":[{"name":"wp","href":"https:\/\/api.w.org\/{rel}","templated":true}]}}