{"id":9530,"date":"2025-02-05T09:35:03","date_gmt":"2025-02-05T08:35:03","guid":{"rendered":"https:\/\/www.pasqualarnella.com\/?p=9530"},"modified":"2026-02-18T12:15:14","modified_gmt":"2026-02-18T12:15:14","slug":"tendencias-de-color-2025","status":"publish","type":"post","link":"https:\/\/pasqualarnella.com\/es\/tendencias-de-color-2025\/","title":{"rendered":"Tendencias en color 2025: Suaves tonos naturales invaden la moda y los espacios comerciales"},"content":{"rendered":"\t\t<div data-elementor-type=\"wp-post\" data-elementor-id=\"9530\" class=\"elementor elementor-9530\" data-elementor-post-type=\"post\">\n\t\t\t\t\t\t<section class=\"elementor-section elementor-top-section elementor-element elementor-element-40f474c elementor-section-boxed elementor-section-height-default elementor-section-height-default\" data-id=\"40f474c\" data-element_type=\"section\" data-e-type=\"section\" data-settings=\"{&quot;jet_parallax_layout_list&quot;:[]}\">\n\t\t\t\t\t\t<div class=\"elementor-container elementor-column-gap-default\">\n\t\t\t\t\t<div class=\"elementor-column elementor-col-100 elementor-top-column elementor-element elementor-element-5f4f367\" data-id=\"5f4f367\" data-element_type=\"column\" data-e-type=\"column\">\n\t\t\t<div class=\"elementor-widget-wrap elementor-element-populated\">\n\t\t\t\t\t\t<div class=\"elementor-element elementor-element-579fc89 elementor-widget elementor-widget-text-editor\" data-id=\"579fc89\" data-element_type=\"widget\" data-e-type=\"widget\" data-widget_type=\"text-editor.default\">\n\t\t\t\t<div class=\"elementor-widget-container\">\n\t\t\t\t\t\t\t\t\t<p>\u00bfTe has fijado en c\u00f3mo ciertos colores nos hacen sentir m\u00e1s relajados o, por el contrario, llenos de energ\u00eda? Los colores que nos rodean tienen un impacto mucho mayor de lo que creemos: no solo nos afectan emocionalmente, sino que tambi\u00e9n influyen en c\u00f3mo percibimos los espacios, las prendas y hasta las marcas.<\/p><p>Por ello, las tendencias en color de cada temporada evolucionan de manera org\u00e1nica, adapt\u00e1ndose no solo a nuestras expectativas como consumidores, sino tambi\u00e9n a un contexto social y colectivo que refleja las necesidades y valores predominantes del momento. Los colores ya no son \u00fanicamente una cuesti\u00f3n est\u00e9tica, sino un medio para expresar emociones, conectar con ideales compartidos y responder a inquietudes globales como la sostenibilidad, el bienestar y la b\u00fasqueda de equilibrio.<\/p><p>Para el 2025, las tendencias en color giran entorno a tonos naturales que evocan calma, estabilidad y conexi\u00f3n con la tierra. Marrones c\u00e1lidos, verdes suaves y beige arenosos est\u00e1n en el punto de mira porque crean ambientes acogedores, transmiten bienestar y reflejan valores de sostenibilidad y autenticidad que cada vez son m\u00e1s importantes para todos nosotros.<\/p><p>El m\u00e1s claro ejemplo de esta tendencia es el Color Pantone del A\u00f1o 2025, el <a href=\"https:\/\/www.pantone.com\/eu\/es\/color-of-the-year\/2025\" target=\"_blank\" rel=\"noopener\">Mocha Mousse<\/a>, una tonalidad marr\u00f3n que, como su nombre sugiere, nos recuerda al cacao, al chocolate y al caf\u00e9. Es un color que transmite calidez, riqueza y esa sensaci\u00f3n de confort que asociamos con lo natural y lo cotidiano.<\/p><h3>Colores naturales: Una tendencia que habla de calma, elegancia y equilibrio<\/h3><p>Los colores como el Mocha Mousse no son casualidad. En un mundo que avanza tan r\u00e1pido, todos buscamos formas de sentirnos m\u00e1s conectados, m\u00e1s tranquilos. Y los colores naturales, junto con materiales que reflejan esa misma esencia \u2014como la madera, la piedra o incluso el papel\u2014, ayudan a crear entornos donde realmente queremos estar.<\/p><p><img fetchpriority=\"high\" decoding=\"async\" class=\"aligncenter wp-image-9566 size-full\" src=\"https:\/\/pasqualarnella.com\/wp-content\/uploads\/2025\/02\/shutterstock_2559777861.jpg\" alt=\"\" width=\"1000\" height=\"778\" \/><\/p><p>En moda, estos tonos aportan versatilidad y sofisticaci\u00f3n. Un vestido, un abrigo o un accesorio en un suave tono marr\u00f3n, verde o beige puede ser elegante, pero tambi\u00e9n casual, seg\u00fan c\u00f3mo lo combines. Pero no solo se trata de las prendas: los escaparates y las tiendas que utilizan esta paleta crom\u00e1tica tienen el poder de contar una historia, de hacerte sentir que est\u00e1s en un lugar donde todo est\u00e1 pensado para transmitir calma y equilibrio.<\/p><h3>Maniqu\u00edes de pasta de papel: Un toque natural para contar una historia<\/h3><p>En este contexto, nuestros maniqu\u00edes de pasta de papel son mucho m\u00e1s que un simple soporte para exhibir ropa. Son piezas que, por s\u00ed solas, cuentan una historia. Hechos de materiales reciclados, con acabados naturales y texturas c\u00e1lidas, encajan a la perfecci\u00f3n con los tonos y tendencias que hemos comentado.<\/p><p>Imagina un escaparate: prendas en suaves colores tierra, complementadas con nuestros maniqu\u00edes artesanales que reflejan la misma calidez y autenticidad. Es mucho m\u00e1s que est\u00e9tica: es una declaraci\u00f3n de valores. Los consumidores no solo ven moda; ven un compromiso con el planeta, un cuidado especial en cada detalle, y eso genera confianza y conexi\u00f3n.<\/p><p>Lo que hace que los maniqu\u00edes de Pasqual Arnella sean tan especiales es, adem\u00e1s, su car\u00e1cter artesanal. Creamos cada pieza en nuestro taller de Barcelona, cuidando cada detalle para que sea \u00fanica. Y esa autenticidad, ese toque humano, es algo que no pasa desapercibido para quienes buscan marcas que transmitan algo m\u00e1s.<\/p><p><img decoding=\"async\" class=\"aligncenter size-full wp-image-9579\" src=\"https:\/\/pasqualarnella.com\/wp-content\/uploads\/2025\/02\/1738658503385.jpg\" alt=\"\" width=\"673\" height=\"725\" \/><\/p><h3>El color y los materiales en la experiencia de compra<\/h3><p>Pero todav\u00eda podemos ir un paso m\u00e1s all\u00e1. \u00bfAlguna vez has entrado en una tienda y has sentido que todo \u00abencaja\u00bb? Los colores, los materiales, la iluminaci\u00f3n\u2026 todo parece estar dise\u00f1ado para que te sientas c\u00f3modo, relajado, y sobre todo, para que conectes con lo que ves. Esa es la magia de combinar tonos naturales, suaves y c\u00e1lidos, con materiales sostenibles y texturas org\u00e1nicas, como nuestros maniqu\u00edes de pasta de papel reciclado.<\/p><p>Este tipo de enfoque no solo mejora la experiencia del cliente, sino que refuerza la percepci\u00f3n de una marca como aut\u00e9ntica, moderna y comprometida con valores que resuenan profundamente con los consumidores de hoy. Cada detalle cuenta, desde el color de las prendas hasta el material de los elementos decorativos. Y cuando todo fluye, el consumidor no solo compra, sino que vive una experiencia que recuerda.<\/p><p><img decoding=\"async\" class=\"aligncenter wp-image-9562 size-full\" src=\"https:\/\/pasqualarnella.com\/wp-content\/uploads\/2025\/02\/1.credits-Pennant-Triumph-1.jpg\" alt=\"\" width=\"750\" height=\"853\" \/><\/p><p>En definitiva, las tendencias en color de este a\u00f1o son un reflejo de lo que todos estamos buscando: calidez, bienestar y una conexi\u00f3n m\u00e1s profunda con lo que nos rodea. Para marcas que quieren destacar, adoptar estos tonos junto con materiales sostenibles como los maniqu\u00edes de pasta de papel de Pasqual Arnella es una forma de decir: \u00abNos importan los detalles, nos importa el planeta, y nos importas t\u00fa\u00bb.<\/p><p>Porque, al final, los colores hablan un lenguaje universal. \u00bfY qu\u00e9 mejor manera de transmitir calidez, autenticidad y cercan\u00eda que con tonos naturales y materiales que respetan el mundo en el que vivimos?<\/p>\t\t\t\t\t\t\t\t<\/div>\n\t\t\t\t<\/div>\n\t\t\t\t\t<\/div>\n\t\t<\/div>\n\t\t\t\t\t<\/div>\n\t\t<\/section>\n\t\t\t\t<\/div>\n\t\t","protected":false},"excerpt":{"rendered":"<p>\u00bfTe has fijado en c\u00f3mo ciertos colores nos hacen sentir m\u00e1s relajados o, por el contrario, llenos de energ\u00eda? Los colores que nos rodean tienen un impacto mucho mayor de lo que creemos: no solo nos afectan emocionalmente, sino que tambi\u00e9n influyen en c\u00f3mo percibimos los espacios, las prendas y hasta las marcas. Por ello, [&hellip;]<\/p>\n","protected":false},"author":4,"featured_media":11006,"comment_status":"open","ping_status":"open","sticky":false,"template":"elementor_theme","format":"standard","meta":{"_jet_sm_ready_style":"","_jet_sm_style":"","_jet_sm_controls_values":"","_jet_sm_fonts_collection":"","_jet_sm_fonts_links":"","footnotes":""},"categories":[2],"tags":[],"class_list":["post-9530","post","type-post","status-publish","format-standard","has-post-thumbnail","hentry","category-sin-categorizar"],"yoast_head":"<!-- This site is optimized with the Yoast SEO plugin v27.0 - https:\/\/yoast.com\/product\/yoast-seo-wordpress\/ -->\n<title>Tendencias en color 2025: Suaves tonos naturales<\/title>\n<meta name=\"robots\" content=\"index, follow, max-snippet:-1, max-image-preview:large, max-video-preview:-1\" \/>\n<link rel=\"canonical\" href=\"https:\/\/pasqualarnella.com\/colour-trends-2025\/\" \/>\n<meta property=\"og:locale\" content=\"es_ES\" \/>\n<meta property=\"og:type\" content=\"article\" \/>\n<meta property=\"og:title\" content=\"Tendencias en color 2025: Suaves tonos naturales\" \/>\n<meta property=\"og:description\" content=\"\u00bfTe has fijado en c\u00f3mo ciertos colores nos hacen sentir m\u00e1s relajados o, por el contrario, llenos de energ\u00eda? Los colores que nos rodean tienen un impacto mucho mayor de lo que creemos: no solo nos afectan emocionalmente, sino que tambi\u00e9n influyen en c\u00f3mo percibimos los espacios, las prendas y hasta las marcas. Por ello, [&hellip;]\" \/>\n<meta property=\"og:url\" content=\"https:\/\/pasqualarnella.com\/colour-trends-2025\/\" \/>\n<meta property=\"og:site_name\" content=\"PasqualArnella\" \/>\n<meta property=\"article:published_time\" content=\"2025-02-05T08:35:03+00:00\" \/>\n<meta property=\"article:modified_time\" content=\"2026-02-18T12:15:14+00:00\" \/>\n<meta property=\"og:image\" content=\"https:\/\/pasqualarnella.com\/wp-content\/uploads\/2025\/02\/Colour_trends.jpg\" \/>\n\t<meta property=\"og:image:width\" content=\"768\" \/>\n\t<meta property=\"og:image:height\" content=\"650\" \/>\n\t<meta property=\"og:image:type\" content=\"image\/jpeg\" \/>\n<meta name=\"author\" content=\"marketing@limbic.cat\" \/>\n<meta name=\"twitter:card\" content=\"summary_large_image\" \/>\n<meta name=\"twitter:label1\" content=\"Escrito por\" \/>\n\t<meta name=\"twitter:data1\" content=\"marketing@limbic.cat\" \/>\n\t<meta name=\"twitter:label2\" content=\"Tiempo de lectura\" \/>\n\t<meta name=\"twitter:data2\" content=\"5 minutos\" \/>\n<script type=\"application\/ld+json\" class=\"yoast-schema-graph\">{\"@context\":\"https:\/\/schema.org\",\"@graph\":[{\"@type\":\"Article\",\"@id\":\"https:\/\/pasqualarnella.com\/colour-trends-2025\/#article\",\"isPartOf\":{\"@id\":\"https:\/\/pasqualarnella.com\/colour-trends-2025\/\"},\"author\":{\"name\":\"marketing@limbic.cat\",\"@id\":\"https:\/\/pasqualarnella.com\/#\/schema\/person\/d697584f103985c91ade7c9499b126d8\"},\"headline\":\"Tendencias en color 2025: Suaves tonos naturales invaden la moda y los espacios comerciales\",\"datePublished\":\"2025-02-05T08:35:03+00:00\",\"dateModified\":\"2026-02-18T12:15:14+00:00\",\"mainEntityOfPage\":{\"@id\":\"https:\/\/pasqualarnella.com\/colour-trends-2025\/\"},\"wordCount\":862,\"commentCount\":0,\"publisher\":{\"@id\":\"https:\/\/pasqualarnella.com\/#organization\"},\"image\":{\"@id\":\"https:\/\/pasqualarnella.com\/colour-trends-2025\/#primaryimage\"},\"thumbnailUrl\":\"https:\/\/pasqualarnella.com\/wp-content\/uploads\/2025\/02\/Colour_trends.jpg\",\"articleSection\":[\"Sin categorizar\"],\"inLanguage\":\"es\",\"potentialAction\":[{\"@type\":\"CommentAction\",\"name\":\"Comment\",\"target\":[\"https:\/\/pasqualarnella.com\/colour-trends-2025\/#respond\"]}]},{\"@type\":\"WebPage\",\"@id\":\"https:\/\/pasqualarnella.com\/colour-trends-2025\/\",\"url\":\"https:\/\/pasqualarnella.com\/colour-trends-2025\/\",\"name\":\"Tendencias en color 2025: Suaves tonos naturales\",\"isPartOf\":{\"@id\":\"https:\/\/pasqualarnella.com\/#website\"},\"primaryImageOfPage\":{\"@id\":\"https:\/\/pasqualarnella.com\/colour-trends-2025\/#primaryimage\"},\"image\":{\"@id\":\"https:\/\/pasqualarnella.com\/colour-trends-2025\/#primaryimage\"},\"thumbnailUrl\":\"https:\/\/pasqualarnella.com\/wp-content\/uploads\/2025\/02\/Colour_trends.jpg\",\"datePublished\":\"2025-02-05T08:35:03+00:00\",\"dateModified\":\"2026-02-18T12:15:14+00:00\",\"breadcrumb\":{\"@id\":\"https:\/\/pasqualarnella.com\/colour-trends-2025\/#breadcrumb\"},\"inLanguage\":\"es\",\"potentialAction\":[{\"@type\":\"ReadAction\",\"target\":[\"https:\/\/pasqualarnella.com\/colour-trends-2025\/\"]}]},{\"@type\":\"ImageObject\",\"inLanguage\":\"es\",\"@id\":\"https:\/\/pasqualarnella.com\/colour-trends-2025\/#primaryimage\",\"url\":\"https:\/\/pasqualarnella.com\/wp-content\/uploads\/2025\/02\/Colour_trends.jpg\",\"contentUrl\":\"https:\/\/pasqualarnella.com\/wp-content\/uploads\/2025\/02\/Colour_trends.jpg\",\"width\":768,\"height\":650},{\"@type\":\"BreadcrumbList\",\"@id\":\"https:\/\/pasqualarnella.com\/colour-trends-2025\/#breadcrumb\",\"itemListElement\":[{\"@type\":\"ListItem\",\"position\":1,\"name\":\"Home\",\"item\":\"https:\/\/pasqualarnella.com\/\"},{\"@type\":\"ListItem\",\"position\":2,\"name\":\"Tendencias en color 2025: Suaves tonos naturales invaden la moda y los espacios comerciales\"}]},{\"@type\":\"WebSite\",\"@id\":\"https:\/\/pasqualarnella.com\/#website\",\"url\":\"https:\/\/pasqualarnella.com\/\",\"name\":\"PasqualArnella\",\"description\":\"\",\"publisher\":{\"@id\":\"https:\/\/pasqualarnella.com\/#organization\"},\"potentialAction\":[{\"@type\":\"SearchAction\",\"target\":{\"@type\":\"EntryPoint\",\"urlTemplate\":\"https:\/\/pasqualarnella.com\/?s={search_term_string}\"},\"query-input\":{\"@type\":\"PropertyValueSpecification\",\"valueRequired\":true,\"valueName\":\"search_term_string\"}}],\"inLanguage\":\"es\"},{\"@type\":\"Organization\",\"@id\":\"https:\/\/pasqualarnella.com\/#organization\",\"name\":\"PasqualArnella\",\"url\":\"https:\/\/pasqualarnella.com\/\",\"logo\":{\"@type\":\"ImageObject\",\"inLanguage\":\"es\",\"@id\":\"https:\/\/pasqualarnella.com\/#\/schema\/logo\/image\/\",\"url\":\"https:\/\/pasqualarnella.com\/wp-content\/uploads\/2023\/04\/pasqual-arnella-logo-black.svg\",\"contentUrl\":\"https:\/\/pasqualarnella.com\/wp-content\/uploads\/2023\/04\/pasqual-arnella-logo-black.svg\",\"caption\":\"PasqualArnella\"},\"image\":{\"@id\":\"https:\/\/pasqualarnella.com\/#\/schema\/logo\/image\/\"}},{\"@type\":\"Person\",\"@id\":\"https:\/\/pasqualarnella.com\/#\/schema\/person\/d697584f103985c91ade7c9499b126d8\",\"name\":\"marketing@limbic.cat\",\"image\":{\"@type\":\"ImageObject\",\"inLanguage\":\"es\",\"@id\":\"https:\/\/pasqualarnella.com\/#\/schema\/person\/image\/\",\"url\":\"https:\/\/secure.gravatar.com\/avatar\/13bf9db52b469f9f9804926f5994b06e67b4758144c60de5d1c576c0dc3076d9?s=96&d=mm&r=g\",\"contentUrl\":\"https:\/\/secure.gravatar.com\/avatar\/13bf9db52b469f9f9804926f5994b06e67b4758144c60de5d1c576c0dc3076d9?s=96&d=mm&r=g\",\"caption\":\"marketing@limbic.cat\"}}]}<\/script>\n<!-- \/ Yoast SEO plugin. -->","yoast_head_json":{"title":"Tendencias en color 2025: Suaves tonos naturales","robots":{"index":"index","follow":"follow","max-snippet":"max-snippet:-1","max-image-preview":"max-image-preview:large","max-video-preview":"max-video-preview:-1"},"canonical":"https:\/\/pasqualarnella.com\/colour-trends-2025\/","og_locale":"es_ES","og_type":"article","og_title":"Tendencias en color 2025: Suaves tonos naturales","og_description":"\u00bfTe has fijado en c\u00f3mo ciertos colores nos hacen sentir m\u00e1s relajados o, por el contrario, llenos de energ\u00eda? Los colores que nos rodean tienen un impacto mucho mayor de lo que creemos: no solo nos afectan emocionalmente, sino que tambi\u00e9n influyen en c\u00f3mo percibimos los espacios, las prendas y hasta las marcas. Por ello, [&hellip;]","og_url":"https:\/\/pasqualarnella.com\/colour-trends-2025\/","og_site_name":"PasqualArnella","article_published_time":"2025-02-05T08:35:03+00:00","article_modified_time":"2026-02-18T12:15:14+00:00","og_image":[{"width":768,"height":650,"url":"https:\/\/pasqualarnella.com\/wp-content\/uploads\/2025\/02\/Colour_trends.jpg","type":"image\/jpeg"}],"author":"marketing@limbic.cat","twitter_card":"summary_large_image","twitter_misc":{"Escrito por":"marketing@limbic.cat","Tiempo de lectura":"5 minutos"},"schema":{"@context":"https:\/\/schema.org","@graph":[{"@type":"Article","@id":"https:\/\/pasqualarnella.com\/colour-trends-2025\/#article","isPartOf":{"@id":"https:\/\/pasqualarnella.com\/colour-trends-2025\/"},"author":{"name":"marketing@limbic.cat","@id":"https:\/\/pasqualarnella.com\/#\/schema\/person\/d697584f103985c91ade7c9499b126d8"},"headline":"Tendencias en color 2025: Suaves tonos naturales invaden la moda y los espacios comerciales","datePublished":"2025-02-05T08:35:03+00:00","dateModified":"2026-02-18T12:15:14+00:00","mainEntityOfPage":{"@id":"https:\/\/pasqualarnella.com\/colour-trends-2025\/"},"wordCount":862,"commentCount":0,"publisher":{"@id":"https:\/\/pasqualarnella.com\/#organization"},"image":{"@id":"https:\/\/pasqualarnella.com\/colour-trends-2025\/#primaryimage"},"thumbnailUrl":"https:\/\/pasqualarnella.com\/wp-content\/uploads\/2025\/02\/Colour_trends.jpg","articleSection":["Sin categorizar"],"inLanguage":"es","potentialAction":[{"@type":"CommentAction","name":"Comment","target":["https:\/\/pasqualarnella.com\/colour-trends-2025\/#respond"]}]},{"@type":"WebPage","@id":"https:\/\/pasqualarnella.com\/colour-trends-2025\/","url":"https:\/\/pasqualarnella.com\/colour-trends-2025\/","name":"Tendencias en color 2025: Suaves tonos naturales","isPartOf":{"@id":"https:\/\/pasqualarnella.com\/#website"},"primaryImageOfPage":{"@id":"https:\/\/pasqualarnella.com\/colour-trends-2025\/#primaryimage"},"image":{"@id":"https:\/\/pasqualarnella.com\/colour-trends-2025\/#primaryimage"},"thumbnailUrl":"https:\/\/pasqualarnella.com\/wp-content\/uploads\/2025\/02\/Colour_trends.jpg","datePublished":"2025-02-05T08:35:03+00:00","dateModified":"2026-02-18T12:15:14+00:00","breadcrumb":{"@id":"https:\/\/pasqualarnella.com\/colour-trends-2025\/#breadcrumb"},"inLanguage":"es","potentialAction":[{"@type":"ReadAction","target":["https:\/\/pasqualarnella.com\/colour-trends-2025\/"]}]},{"@type":"ImageObject","inLanguage":"es","@id":"https:\/\/pasqualarnella.com\/colour-trends-2025\/#primaryimage","url":"https:\/\/pasqualarnella.com\/wp-content\/uploads\/2025\/02\/Colour_trends.jpg","contentUrl":"https:\/\/pasqualarnella.com\/wp-content\/uploads\/2025\/02\/Colour_trends.jpg","width":768,"height":650},{"@type":"BreadcrumbList","@id":"https:\/\/pasqualarnella.com\/colour-trends-2025\/#breadcrumb","itemListElement":[{"@type":"ListItem","position":1,"name":"Home","item":"https:\/\/pasqualarnella.com\/"},{"@type":"ListItem","position":2,"name":"Tendencias en color 2025: Suaves tonos naturales invaden la moda y los espacios comerciales"}]},{"@type":"WebSite","@id":"https:\/\/pasqualarnella.com\/#website","url":"https:\/\/pasqualarnella.com\/","name":"PasqualArnella","description":"","publisher":{"@id":"https:\/\/pasqualarnella.com\/#organization"},"potentialAction":[{"@type":"SearchAction","target":{"@type":"EntryPoint","urlTemplate":"https:\/\/pasqualarnella.com\/?s={search_term_string}"},"query-input":{"@type":"PropertyValueSpecification","valueRequired":true,"valueName":"search_term_string"}}],"inLanguage":"es"},{"@type":"Organization","@id":"https:\/\/pasqualarnella.com\/#organization","name":"PasqualArnella","url":"https:\/\/pasqualarnella.com\/","logo":{"@type":"ImageObject","inLanguage":"es","@id":"https:\/\/pasqualarnella.com\/#\/schema\/logo\/image\/","url":"https:\/\/pasqualarnella.com\/wp-content\/uploads\/2023\/04\/pasqual-arnella-logo-black.svg","contentUrl":"https:\/\/pasqualarnella.com\/wp-content\/uploads\/2023\/04\/pasqual-arnella-logo-black.svg","caption":"PasqualArnella"},"image":{"@id":"https:\/\/pasqualarnella.com\/#\/schema\/logo\/image\/"}},{"@type":"Person","@id":"https:\/\/pasqualarnella.com\/#\/schema\/person\/d697584f103985c91ade7c9499b126d8","name":"marketing@limbic.cat","image":{"@type":"ImageObject","inLanguage":"es","@id":"https:\/\/pasqualarnella.com\/#\/schema\/person\/image\/","url":"https:\/\/secure.gravatar.com\/avatar\/13bf9db52b469f9f9804926f5994b06e67b4758144c60de5d1c576c0dc3076d9?s=96&d=mm&r=g","contentUrl":"https:\/\/secure.gravatar.com\/avatar\/13bf9db52b469f9f9804926f5994b06e67b4758144c60de5d1c576c0dc3076d9?s=96&d=mm&r=g","caption":"marketing@limbic.cat"}}]}},"_links":{"self":[{"href":"https:\/\/pasqualarnella.com\/es\/wp-json\/wp\/v2\/posts\/9530","targetHints":{"allow":["GET"]}}],"collection":[{"href":"https:\/\/pasqualarnella.com\/es\/wp-json\/wp\/v2\/posts"}],"about":[{"href":"https:\/\/pasqualarnella.com\/es\/wp-json\/wp\/v2\/types\/post"}],"author":[{"embeddable":true,"href":"https:\/\/pasqualarnella.com\/es\/wp-json\/wp\/v2\/users\/4"}],"replies":[{"embeddable":true,"href":"https:\/\/pasqualarnella.com\/es\/wp-json\/wp\/v2\/comments?post=9530"}],"version-history":[{"count":7,"href":"https:\/\/pasqualarnella.com\/es\/wp-json\/wp\/v2\/posts\/9530\/revisions"}],"predecessor-version":[{"id":12268,"href":"https:\/\/pasqualarnella.com\/es\/wp-json\/wp\/v2\/posts\/9530\/revisions\/12268"}],"wp:featuredmedia":[{"embeddable":true,"href":"https:\/\/pasqualarnella.com\/es\/wp-json\/wp\/v2\/media\/11006"}],"wp:attachment":[{"href":"https:\/\/pasqualarnella.com\/es\/wp-json\/wp\/v2\/media?parent=9530"}],"wp:term":[{"taxonomy":"category","embeddable":true,"href":"https:\/\/pasqualarnella.com\/es\/wp-json\/wp\/v2\/categories?post=9530"},{"taxonomy":"post_tag","embeddable":true,"href":"https:\/\/pasqualarnella.com\/es\/wp-json\/wp\/v2\/tags?post=9530"}],"curies":[{"name":"wp","href":"https:\/\/api.w.org\/{rel}","templated":true}]}}