{"id":9605,"date":"2025-05-14T14:46:57","date_gmt":"2025-05-14T12:46:57","guid":{"rendered":"https:\/\/www.pasqualarnella.com\/?p=9605"},"modified":"2026-02-18T12:14:54","modified_gmt":"2026-02-18T12:14:54","slug":"cabezas-papel-gala-dali-expo","status":"publish","type":"post","link":"https:\/\/pasqualarnella.com\/es\/cabezas-papel-gala-dali-expo\/","title":{"rendered":"Cabezas de pasta de papel, un lienzo para El Despertar del Mito: Gala Dal\u00ed"},"content":{"rendered":"\t\t<div data-elementor-type=\"wp-post\" data-elementor-id=\"9605\" class=\"elementor elementor-9605\" data-elementor-post-type=\"post\">\n\t\t\t\t\t\t<section class=\"elementor-section elementor-top-section elementor-element elementor-element-f6b2efc elementor-section-boxed elementor-section-height-default elementor-section-height-default\" data-id=\"f6b2efc\" data-element_type=\"section\" data-e-type=\"section\" data-settings=\"{&quot;jet_parallax_layout_list&quot;:[]}\">\n\t\t\t\t\t\t<div class=\"elementor-container elementor-column-gap-default\">\n\t\t\t\t\t<div class=\"elementor-column elementor-col-100 elementor-top-column elementor-element elementor-element-f7b5a4a\" data-id=\"f7b5a4a\" data-element_type=\"column\" data-e-type=\"column\">\n\t\t\t<div class=\"elementor-widget-wrap elementor-element-populated\">\n\t\t\t\t\t\t<div class=\"elementor-element elementor-element-bfc43c5 elementor-widget elementor-widget-text-editor\" data-id=\"bfc43c5\" data-element_type=\"widget\" data-e-type=\"widget\" data-widget_type=\"text-editor.default\">\n\t\t\t\t<div class=\"elementor-widget-container\">\n\t\t\t\t\t\t\t\t\t<p>En Pasqual Arnella llevamos m\u00e1s de un siglo dedic\u00e1ndonos a la fabricaci\u00f3n de productos de pasta de papel. Somos una empresa familiar con profundas ra\u00edces en la artesan\u00eda y la innovaci\u00f3n, y cada pieza que creamos refleja nuestro compromiso con el dise\u00f1o, la funcionalidad y el respeto por el medio ambiente.<\/p><p>Por eso, cuando nos propusieron participar en la exposici\u00f3n <em>El despertar del mito: Gala Dal\u00ed<\/em>, en el Castillo de P\u00fabol, sentimos que era una oportunidad perfecta para aportar nuestra experiencia a una muestra que une moda, historia y arte. En esta ocasi\u00f3n, nuestras <a href=\"https:\/\/pasqualarnella.com\/es\/catalogue\/cabeza-huevo\/\" target=\"_blank\" rel=\"noopener\" data-wplink-edit=\"true\">cabezas expositoras estilo \u00abHuevo\u00bb<\/a> han sido las elegidas para exhibir accesorios ic\u00f3nicos, permitiendo que las piezas brillen con todo su esplendor.<\/p>\t\t\t\t\t\t\t\t<\/div>\n\t\t\t\t<\/div>\n\t\t\t\t\t<\/div>\n\t\t<\/div>\n\t\t\t\t\t<\/div>\n\t\t<\/section>\n\t\t\t\t<section class=\"elementor-section elementor-top-section elementor-element elementor-element-54f6451 elementor-section-boxed elementor-section-height-default elementor-section-height-default\" data-id=\"54f6451\" data-element_type=\"section\" data-e-type=\"section\" data-settings=\"{&quot;jet_parallax_layout_list&quot;:[]}\">\n\t\t\t\t\t\t<div class=\"elementor-container elementor-column-gap-default\">\n\t\t\t\t\t<div class=\"elementor-column elementor-col-100 elementor-top-column elementor-element elementor-element-53da737\" data-id=\"53da737\" data-element_type=\"column\" data-e-type=\"column\">\n\t\t\t<div class=\"elementor-widget-wrap elementor-element-populated\">\n\t\t\t\t\t\t<div class=\"elementor-element elementor-element-16c42ba elementor-widget elementor-widget-image\" data-id=\"16c42ba\" data-element_type=\"widget\" data-e-type=\"widget\" data-widget_type=\"image.default\">\n\t\t\t\t<div class=\"elementor-widget-container\">\n\t\t\t\t\t\t\t\t\t\t\t\t<figure class=\"wp-caption\">\n\t\t\t\t\t\t\t\t\t\t<img fetchpriority=\"high\" decoding=\"async\" width=\"800\" height=\"450\" src=\"https:\/\/pasqualarnella.com\/wp-content\/uploads\/2025\/05\/1-cabezas-expositoras-Gala-Dali-1024x576.png\" class=\"attachment-large size-large wp-image-13489\" alt=\"\" srcset=\"https:\/\/pasqualarnella.com\/wp-content\/uploads\/2025\/05\/1-cabezas-expositoras-Gala-Dali-1024x576.png 1024w, https:\/\/pasqualarnella.com\/wp-content\/uploads\/2025\/05\/1-cabezas-expositoras-Gala-Dali-300x169.png 300w, https:\/\/pasqualarnella.com\/wp-content\/uploads\/2025\/05\/1-cabezas-expositoras-Gala-Dali-768x432.png 768w, https:\/\/pasqualarnella.com\/wp-content\/uploads\/2025\/05\/1-cabezas-expositoras-Gala-Dali-600x337.png 600w, https:\/\/pasqualarnella.com\/wp-content\/uploads\/2025\/05\/1-cabezas-expositoras-Gala-Dali.png 1366w\" sizes=\"(max-width: 800px) 100vw, 800px\" \/>\t\t\t\t\t\t\t\t\t\t\t<figcaption class=\"widget-image-caption wp-caption-text\">Suzanne R\u00e9my (Paris). Diadema con decoraciones vegetales, d\u00e9cada de 1930<\/figcaption>\n\t\t\t\t\t\t\t\t\t\t<\/figure>\n\t\t\t\t\t\t\t\t\t<\/div>\n\t\t\t\t<\/div>\n\t\t\t\t\t<\/div>\n\t\t<\/div>\n\t\t\t\t\t<\/div>\n\t\t<\/section>\n\t\t\t\t<section class=\"elementor-section elementor-top-section elementor-element elementor-element-c010566 elementor-section-boxed elementor-section-height-default elementor-section-height-default\" data-id=\"c010566\" data-element_type=\"section\" data-e-type=\"section\" data-settings=\"{&quot;jet_parallax_layout_list&quot;:[]}\">\n\t\t\t\t\t\t<div class=\"elementor-container elementor-column-gap-default\">\n\t\t\t\t\t<div class=\"elementor-column elementor-col-100 elementor-top-column elementor-element elementor-element-f140680\" data-id=\"f140680\" data-element_type=\"column\" data-e-type=\"column\">\n\t\t\t<div class=\"elementor-widget-wrap elementor-element-populated\">\n\t\t\t\t\t\t<div class=\"elementor-element elementor-element-363c07e elementor-widget elementor-widget-text-editor\" data-id=\"363c07e\" data-element_type=\"widget\" data-e-type=\"widget\" data-widget_type=\"text-editor.default\">\n\t\t\t\t<div class=\"elementor-widget-container\">\n\t\t\t\t\t\t\t\t\t<h3>Un dise\u00f1o minimalista pensado para destacar la pieza<\/h3><p>Nuestra cabeza expositora estilo \u00abHuevo\u00bb no tiene esta forma por casualidad. Su dise\u00f1o ovalado y sin facciones la convierte en un soporte perfecto para que los accesorios sean los aut\u00e9nticos protagonistas. Sin rasgos que distraigan, los tocados, diademas o sombreros captan toda la atenci\u00f3n, resaltando sus detalles, texturas y vol\u00famenes. Esta sencillez es precisamente su punto fuerte: un equilibrio entre neutralidad y elegancia que encaja en cualquier montaje expositivo, aportando un aire depurado y sofisticado.<\/p><p>Adem\u00e1s, todos nuestros expositores est\u00e1n elaborados con pasta de papel reciclado. Nuestro compromiso con la sostenibilidad y la producci\u00f3n artesanal se refleja en cada pieza, utilizando materiales 100% reciclables y procesos basados en la econom\u00eda circular. De este modo, no solo garantizamos un producto respetuoso con el medio ambiente, sino que tambi\u00e9n fomentamos un modelo de producci\u00f3n responsable y eficiente. La sencillez y elegancia del acabado en blanco permiten que los accesorios y tocados hist\u00f3ricos expuestos cobren protagonismo sin distracciones.<\/p>\t\t\t\t\t\t\t\t<\/div>\n\t\t\t\t<\/div>\n\t\t\t\t\t<\/div>\n\t\t<\/div>\n\t\t\t\t\t<\/div>\n\t\t<\/section>\n\t\t\t\t<section class=\"elementor-section elementor-top-section elementor-element elementor-element-4509b28 elementor-section-boxed elementor-section-height-default elementor-section-height-default\" data-id=\"4509b28\" data-element_type=\"section\" data-e-type=\"section\" data-settings=\"{&quot;jet_parallax_layout_list&quot;:[]}\">\n\t\t\t\t\t\t<div class=\"elementor-container elementor-column-gap-default\">\n\t\t\t\t\t<div class=\"elementor-column elementor-col-100 elementor-top-column elementor-element elementor-element-d06afb4\" data-id=\"d06afb4\" data-element_type=\"column\" data-e-type=\"column\">\n\t\t\t<div class=\"elementor-widget-wrap elementor-element-populated\">\n\t\t\t\t\t\t<div class=\"elementor-element elementor-element-26ad28a elementor-widget elementor-widget-image\" data-id=\"26ad28a\" data-element_type=\"widget\" data-e-type=\"widget\" data-widget_type=\"image.default\">\n\t\t\t\t<div class=\"elementor-widget-container\">\n\t\t\t\t\t\t\t\t\t\t\t\t<figure class=\"wp-caption\">\n\t\t\t\t\t\t\t\t\t\t<img decoding=\"async\" width=\"800\" height=\"450\" src=\"https:\/\/pasqualarnella.com\/wp-content\/uploads\/2025\/05\/2-cabezas-expositoras-Gala-Dali-1024x576.png\" class=\"attachment-large size-large wp-image-13490\" alt=\"\" srcset=\"https:\/\/pasqualarnella.com\/wp-content\/uploads\/2025\/05\/2-cabezas-expositoras-Gala-Dali-1024x576.png 1024w, https:\/\/pasqualarnella.com\/wp-content\/uploads\/2025\/05\/2-cabezas-expositoras-Gala-Dali-300x169.png 300w, https:\/\/pasqualarnella.com\/wp-content\/uploads\/2025\/05\/2-cabezas-expositoras-Gala-Dali-768x432.png 768w, https:\/\/pasqualarnella.com\/wp-content\/uploads\/2025\/05\/2-cabezas-expositoras-Gala-Dali-600x337.png 600w, https:\/\/pasqualarnella.com\/wp-content\/uploads\/2025\/05\/2-cabezas-expositoras-Gala-Dali.png 1366w\" sizes=\"(max-width: 800px) 100vw, 800px\" \/>\t\t\t\t\t\t\t\t\t\t\t<figcaption class=\"widget-image-caption wp-caption-text\">Herman Patrick Tapp\u00e9 (New York). Lazo con velo, d\u00e9cada de 1940<\/figcaption>\n\t\t\t\t\t\t\t\t\t\t<\/figure>\n\t\t\t\t\t\t\t\t\t<\/div>\n\t\t\t\t<\/div>\n\t\t\t\t\t<\/div>\n\t\t<\/div>\n\t\t\t\t\t<\/div>\n\t\t<\/section>\n\t\t\t\t<section class=\"elementor-section elementor-top-section elementor-element elementor-element-ed50b91 elementor-section-boxed elementor-section-height-default elementor-section-height-default\" data-id=\"ed50b91\" data-element_type=\"section\" data-e-type=\"section\" data-settings=\"{&quot;jet_parallax_layout_list&quot;:[]}\">\n\t\t\t\t\t\t<div class=\"elementor-container elementor-column-gap-default\">\n\t\t\t\t\t<div class=\"elementor-column elementor-col-100 elementor-top-column elementor-element elementor-element-30c7533\" data-id=\"30c7533\" data-element_type=\"column\" data-e-type=\"column\">\n\t\t\t<div class=\"elementor-widget-wrap elementor-element-populated\">\n\t\t\t\t\t\t<div class=\"elementor-element elementor-element-d5d1907 elementor-widget elementor-widget-text-editor\" data-id=\"d5d1907\" data-element_type=\"widget\" data-e-type=\"widget\" data-widget_type=\"text-editor.default\">\n\t\t\t\t<div class=\"elementor-widget-container\">\n\t\t\t\t\t\t\t\t\t<h3>Un soporte perfecto para piezas ic\u00f3nicas<\/h3><p>En esta exposici\u00f3n, nuestros maniqu\u00edes sirven como base para mostrar algunos de los accesorios m\u00e1s emblem\u00e1ticos de la colecci\u00f3n de Gala Dal\u00ed, incluyendo una diadema de Suzanne R\u00e9my de los a\u00f1os treinta y un collar de los setenta con influencias de la antigua Grecia. Estas piezas, cargadas de historia y simbolismo, encuentran en nuestras cabezas expositoras estilo \u00abHuevo\u00bb un soporte neutro y sofisticado que permite apreciar cada detalle de su dise\u00f1o y confecci\u00f3n.<\/p>\t\t\t\t\t\t\t\t<\/div>\n\t\t\t\t<\/div>\n\t\t\t\t\t<\/div>\n\t\t<\/div>\n\t\t\t\t\t<\/div>\n\t\t<\/section>\n\t\t\t\t<section class=\"elementor-section elementor-top-section elementor-element elementor-element-7e60c4e elementor-section-boxed elementor-section-height-default elementor-section-height-default\" data-id=\"7e60c4e\" data-element_type=\"section\" data-e-type=\"section\" data-settings=\"{&quot;jet_parallax_layout_list&quot;:[]}\">\n\t\t\t\t\t\t<div class=\"elementor-container elementor-column-gap-default\">\n\t\t\t\t\t<div class=\"elementor-column elementor-col-100 elementor-top-column elementor-element elementor-element-af12ea0\" data-id=\"af12ea0\" data-element_type=\"column\" data-e-type=\"column\">\n\t\t\t<div class=\"elementor-widget-wrap elementor-element-populated\">\n\t\t\t\t\t\t<div class=\"elementor-element elementor-element-b71e0ab elementor-widget elementor-widget-image\" data-id=\"b71e0ab\" data-element_type=\"widget\" data-e-type=\"widget\" data-widget_type=\"image.default\">\n\t\t\t\t<div class=\"elementor-widget-container\">\n\t\t\t\t\t\t\t\t\t\t\t\t<figure class=\"wp-caption\">\n\t\t\t\t\t\t\t\t\t\t<img decoding=\"async\" width=\"800\" height=\"450\" src=\"https:\/\/pasqualarnella.com\/wp-content\/uploads\/2025\/05\/3-cabezas-expositoras-Gala-Dali-1024x576.png\" class=\"attachment-large size-large wp-image-13491\" alt=\"\" srcset=\"https:\/\/pasqualarnella.com\/wp-content\/uploads\/2025\/05\/3-cabezas-expositoras-Gala-Dali-1024x576.png 1024w, https:\/\/pasqualarnella.com\/wp-content\/uploads\/2025\/05\/3-cabezas-expositoras-Gala-Dali-300x169.png 300w, https:\/\/pasqualarnella.com\/wp-content\/uploads\/2025\/05\/3-cabezas-expositoras-Gala-Dali-768x432.png 768w, https:\/\/pasqualarnella.com\/wp-content\/uploads\/2025\/05\/3-cabezas-expositoras-Gala-Dali-600x337.png 600w, https:\/\/pasqualarnella.com\/wp-content\/uploads\/2025\/05\/3-cabezas-expositoras-Gala-Dali.png 1366w\" sizes=\"(max-width: 800px) 100vw, 800px\" \/>\t\t\t\t\t\t\t\t\t\t\t<figcaption class=\"widget-image-caption wp-caption-text\">Suzanne R\u00e9my \/ Roger Vivier (New York). Sombrero, d\u00e9cada de 1940<\/figcaption>\n\t\t\t\t\t\t\t\t\t\t<\/figure>\n\t\t\t\t\t\t\t\t\t<\/div>\n\t\t\t\t<\/div>\n\t\t\t\t\t<\/div>\n\t\t<\/div>\n\t\t\t\t\t<\/div>\n\t\t<\/section>\n\t\t\t\t<section class=\"elementor-section elementor-top-section elementor-element elementor-element-ae42852 elementor-section-boxed elementor-section-height-default elementor-section-height-default\" data-id=\"ae42852\" data-element_type=\"section\" data-e-type=\"section\" data-settings=\"{&quot;jet_parallax_layout_list&quot;:[]}\">\n\t\t\t\t\t\t<div class=\"elementor-container elementor-column-gap-default\">\n\t\t\t\t\t<div class=\"elementor-column elementor-col-100 elementor-top-column elementor-element elementor-element-6816602\" data-id=\"6816602\" data-element_type=\"column\" data-e-type=\"column\">\n\t\t\t<div class=\"elementor-widget-wrap elementor-element-populated\">\n\t\t\t\t\t\t<div class=\"elementor-element elementor-element-f810fc0 elementor-widget elementor-widget-text-editor\" data-id=\"f810fc0\" data-element_type=\"widget\" data-e-type=\"widget\" data-widget_type=\"text-editor.default\">\n\t\t\t\t<div class=\"elementor-widget-container\">\n\t\t\t\t\t\t\t\t\t<p>Adem\u00e1s, la exposici\u00f3n presenta cinco fotograf\u00edas de renombrados artistas como Horst P. Horst, Robert Descharnes y Marc Lacroix, que capturan la esencia de Gala como icono de moda. La selecci\u00f3n de im\u00e1genes refuerza la importancia de los accesorios en la construcci\u00f3n de su identidad visual, un aspecto en el que nuestras piezas juegan un papel crucial al ofrecer una presentaci\u00f3n armoniosa y elegante.<\/p>\t\t\t\t\t\t\t\t<\/div>\n\t\t\t\t<\/div>\n\t\t\t\t\t<\/div>\n\t\t<\/div>\n\t\t\t\t\t<\/div>\n\t\t<\/section>\n\t\t\t\t<section class=\"elementor-section elementor-top-section elementor-element elementor-element-cd8ea14 elementor-section-boxed elementor-section-height-default elementor-section-height-default\" data-id=\"cd8ea14\" data-element_type=\"section\" data-e-type=\"section\" data-settings=\"{&quot;jet_parallax_layout_list&quot;:[]}\">\n\t\t\t\t\t\t<div class=\"elementor-container elementor-column-gap-default\">\n\t\t\t\t\t<div class=\"elementor-column elementor-col-100 elementor-top-column elementor-element elementor-element-acfb373\" data-id=\"acfb373\" data-element_type=\"column\" data-e-type=\"column\">\n\t\t\t<div class=\"elementor-widget-wrap elementor-element-populated\">\n\t\t\t\t\t\t<div class=\"elementor-element elementor-element-0b05547 elementor-widget elementor-widget-image\" data-id=\"0b05547\" data-element_type=\"widget\" data-e-type=\"widget\" data-widget_type=\"image.default\">\n\t\t\t\t<div class=\"elementor-widget-container\">\n\t\t\t\t\t\t\t\t\t\t\t\t<figure class=\"wp-caption\">\n\t\t\t\t\t\t\t\t\t\t<img loading=\"lazy\" decoding=\"async\" width=\"800\" height=\"450\" src=\"https:\/\/pasqualarnella.com\/wp-content\/uploads\/2025\/05\/4-Fotos-Dali-Gala-1024x576.png\" class=\"attachment-large size-large wp-image-13492\" alt=\"\" srcset=\"https:\/\/pasqualarnella.com\/wp-content\/uploads\/2025\/05\/4-Fotos-Dali-Gala-1024x576.png 1024w, https:\/\/pasqualarnella.com\/wp-content\/uploads\/2025\/05\/4-Fotos-Dali-Gala-300x169.png 300w, https:\/\/pasqualarnella.com\/wp-content\/uploads\/2025\/05\/4-Fotos-Dali-Gala-768x432.png 768w, https:\/\/pasqualarnella.com\/wp-content\/uploads\/2025\/05\/4-Fotos-Dali-Gala-600x337.png 600w, https:\/\/pasqualarnella.com\/wp-content\/uploads\/2025\/05\/4-Fotos-Dali-Gala.png 1366w\" sizes=\"(max-width: 800px) 100vw, 800px\" \/>\t\t\t\t\t\t\t\t\t\t\t<figcaption class=\"widget-image-caption wp-caption-text\">Salvador Dal\u00ed y Gala en la casa de Portlligat, 1958 - Photo R. Descharnes \/ \u00a9 Descharnes &amp; Descharnes sarl 2025 | Salvador Dal\u00ed pintando a Gala en Portlligat, c. 1971 - \u00a9 Marc Lacroix <\/figcaption>\n\t\t\t\t\t\t\t\t\t\t<\/figure>\n\t\t\t\t\t\t\t\t\t<\/div>\n\t\t\t\t<\/div>\n\t\t\t\t\t<\/div>\n\t\t<\/div>\n\t\t\t\t\t<\/div>\n\t\t<\/section>\n\t\t\t\t<section class=\"elementor-section elementor-top-section elementor-element elementor-element-baded0d elementor-section-boxed elementor-section-height-default elementor-section-height-default\" data-id=\"baded0d\" data-element_type=\"section\" data-e-type=\"section\" data-settings=\"{&quot;jet_parallax_layout_list&quot;:[]}\">\n\t\t\t\t\t\t<div class=\"elementor-container elementor-column-gap-default\">\n\t\t\t\t\t<div class=\"elementor-column elementor-col-100 elementor-top-column elementor-element elementor-element-3dc92cb\" data-id=\"3dc92cb\" data-element_type=\"column\" data-e-type=\"column\">\n\t\t\t<div class=\"elementor-widget-wrap elementor-element-populated\">\n\t\t\t\t\t\t<div class=\"elementor-element elementor-element-e03ae2b elementor-widget elementor-widget-text-editor\" data-id=\"e03ae2b\" data-element_type=\"widget\" data-e-type=\"widget\" data-widget_type=\"text-editor.default\">\n\t\t\t\t<div class=\"elementor-widget-container\">\n\t\t\t\t\t\t\t\t\t<h3>La importancia del detalle en una exposici\u00f3n \u00fanica<\/h3><p>El montaje expositivo, dise\u00f1ado por Pep Canaleta de 3carme33, apuesta por la armon\u00eda entre el espacio, las piezas y sus soportes. La elecci\u00f3n de nuestros maniqu\u00edes no es casualidad: su dise\u00f1o minimalista pero con personalidad encaja a la perfecci\u00f3n con la est\u00e9tica de la muestra, donde el arte y la moda se entrelazan para contar la historia de una mujer que supo construir su propio mito.<\/p><p>Gracias a esta colaboraci\u00f3n, reafirmamos nuestro papel como referente en la fabricaci\u00f3n de maniqu\u00edes, cabezas y otras piezas para exposici\u00f3n sostenibles y personalizados, demostrando que la tradici\u00f3n artesanal y la innovaci\u00f3n pueden ir de la mano en proyectos culturales de gran relevancia. Nuestras cabezas expositoras han sido utilizadas en diversas exposiciones y escaparates de prestigio, convirti\u00e9ndose en una opci\u00f3n de referencia para museos, dise\u00f1adores y marcas de moda que buscan un equilibrio entre est\u00e9tica, funcionalidad y respeto por el medio ambiente.<\/p><p>La exposici\u00f3n <a href=\"https:\/\/exhibitions.salvador-dali.org\/es\/el-despertar-del-mito-gala-dali\/\" target=\"_blank\" rel=\"noopener\"><em>El despertar del mito: Gala Dal\u00ed<\/em><\/a> estar\u00e1 abierta hasta el 7 de enero de 2026 en el Castillo Gala Dal\u00ed de P\u00fabol. Una oportunidad \u00fanica para descubrir la fascinante relaci\u00f3n entre la moda, el arte y la identidad de una de las figuras m\u00e1s enigm\u00e1ticas del siglo XX, con el valor a\u00f1adido de una producci\u00f3n expositiva que apuesta por la sostenibilidad y la artesan\u00eda de calidad.<\/p>\t\t\t\t\t\t\t\t<\/div>\n\t\t\t\t<\/div>\n\t\t\t\t\t<\/div>\n\t\t<\/div>\n\t\t\t\t\t<\/div>\n\t\t<\/section>\n\t\t\t\t<section class=\"elementor-section elementor-top-section elementor-element elementor-element-5fae1a7 elementor-section-boxed elementor-section-height-default elementor-section-height-default\" data-id=\"5fae1a7\" data-element_type=\"section\" data-e-type=\"section\" data-settings=\"{&quot;jet_parallax_layout_list&quot;:[]}\">\n\t\t\t\t\t\t<div class=\"elementor-container elementor-column-gap-default\">\n\t\t\t\t\t<div class=\"elementor-column elementor-col-100 elementor-top-column elementor-element elementor-element-ab36fa2\" data-id=\"ab36fa2\" data-element_type=\"column\" data-e-type=\"column\">\n\t\t\t<div class=\"elementor-widget-wrap elementor-element-populated\">\n\t\t\t\t\t\t<div class=\"elementor-element elementor-element-183b4d3 elementor-widget elementor-widget-image\" data-id=\"183b4d3\" data-element_type=\"widget\" data-e-type=\"widget\" data-widget_type=\"image.default\">\n\t\t\t\t<div class=\"elementor-widget-container\">\n\t\t\t\t\t\t\t\t\t\t\t\t\t\t\t<img loading=\"lazy\" decoding=\"async\" width=\"800\" height=\"450\" src=\"https:\/\/pasqualarnella.com\/wp-content\/uploads\/2025\/05\/5-Fotos-expo-1024x576.png\" class=\"attachment-large size-large wp-image-13493\" alt=\"\" srcset=\"https:\/\/pasqualarnella.com\/wp-content\/uploads\/2025\/05\/5-Fotos-expo-1024x576.png 1024w, https:\/\/pasqualarnella.com\/wp-content\/uploads\/2025\/05\/5-Fotos-expo-300x169.png 300w, https:\/\/pasqualarnella.com\/wp-content\/uploads\/2025\/05\/5-Fotos-expo-768x432.png 768w, https:\/\/pasqualarnella.com\/wp-content\/uploads\/2025\/05\/5-Fotos-expo-600x337.png 600w, https:\/\/pasqualarnella.com\/wp-content\/uploads\/2025\/05\/5-Fotos-expo.png 1366w\" sizes=\"(max-width: 800px) 100vw, 800px\" \/>\t\t\t\t\t\t\t\t\t\t\t\t\t\t\t<\/div>\n\t\t\t\t<\/div>\n\t\t\t\t\t<\/div>\n\t\t<\/div>\n\t\t\t\t\t<\/div>\n\t\t<\/section>\n\t\t\t\t<\/div>\n\t\t","protected":false},"excerpt":{"rendered":"<p>En Pasqual Arnella llevamos m\u00e1s de un siglo dedic\u00e1ndonos a la fabricaci\u00f3n de productos de pasta de papel. Somos una empresa familiar con profundas ra\u00edces en la artesan\u00eda y la innovaci\u00f3n, y cada pieza que creamos refleja nuestro compromiso con el dise\u00f1o, la funcionalidad y el respeto por el medio ambiente. Por eso, cuando nos [&hellip;]<\/p>\n","protected":false},"author":4,"featured_media":11007,"comment_status":"open","ping_status":"open","sticky":false,"template":"elementor_theme","format":"standard","meta":{"_jet_sm_ready_style":"","_jet_sm_style":"","_jet_sm_controls_values":"","_jet_sm_fonts_collection":"","_jet_sm_fonts_links":"","footnotes":""},"categories":[2],"tags":[],"class_list":["post-9605","post","type-post","status-publish","format-standard","has-post-thumbnail","hentry","category-sin-categorizar"],"yoast_head":"<!-- This site is optimized with the Yoast SEO plugin v27.0 - https:\/\/yoast.com\/product\/yoast-seo-wordpress\/ -->\n<title>Cabezas de pasta de papel, un lienzo para El Despertar del Mito: Gala Dal\u00ed<\/title>\n<meta name=\"robots\" content=\"index, follow, max-snippet:-1, max-image-preview:large, max-video-preview:-1\" \/>\n<link rel=\"canonical\" href=\"https:\/\/pasqualarnella.com\/paper-paste-heads-gala-dali-myth\/\" \/>\n<meta property=\"og:locale\" content=\"es_ES\" \/>\n<meta property=\"og:type\" content=\"article\" \/>\n<meta property=\"og:title\" content=\"Cabezas de pasta de papel, un lienzo para El Despertar del Mito: Gala Dal\u00ed\" \/>\n<meta property=\"og:description\" content=\"En Pasqual Arnella llevamos m\u00e1s de un siglo dedic\u00e1ndonos a la fabricaci\u00f3n de productos de pasta de papel. Somos una empresa familiar con profundas ra\u00edces en la artesan\u00eda y la innovaci\u00f3n, y cada pieza que creamos refleja nuestro compromiso con el dise\u00f1o, la funcionalidad y el respeto por el medio ambiente. Por eso, cuando nos [&hellip;]\" \/>\n<meta property=\"og:url\" content=\"https:\/\/pasqualarnella.com\/paper-paste-heads-gala-dali-myth\/\" \/>\n<meta property=\"og:site_name\" content=\"PasqualArnella\" \/>\n<meta property=\"article:published_time\" content=\"2025-05-14T12:46:57+00:00\" \/>\n<meta property=\"article:modified_time\" content=\"2026-02-18T12:14:54+00:00\" \/>\n<meta property=\"og:image\" content=\"https:\/\/pasqualarnella.com\/wp-content\/uploads\/2025\/05\/gala_dali.jpg\" \/>\n\t<meta property=\"og:image:width\" content=\"768\" \/>\n\t<meta property=\"og:image:height\" content=\"650\" \/>\n\t<meta property=\"og:image:type\" content=\"image\/jpeg\" \/>\n<meta name=\"author\" content=\"marketing@limbic.cat\" \/>\n<meta name=\"twitter:card\" content=\"summary_large_image\" \/>\n<meta name=\"twitter:label1\" content=\"Escrito por\" \/>\n\t<meta name=\"twitter:data1\" content=\"marketing@limbic.cat\" \/>\n\t<meta name=\"twitter:label2\" content=\"Tiempo de lectura\" \/>\n\t<meta name=\"twitter:data2\" content=\"5 minutos\" \/>\n<script type=\"application\/ld+json\" class=\"yoast-schema-graph\">{\"@context\":\"https:\/\/schema.org\",\"@graph\":[{\"@type\":\"Article\",\"@id\":\"https:\/\/pasqualarnella.com\/paper-paste-heads-gala-dali-myth\/#article\",\"isPartOf\":{\"@id\":\"https:\/\/pasqualarnella.com\/paper-paste-heads-gala-dali-myth\/\"},\"author\":{\"name\":\"marketing@limbic.cat\",\"@id\":\"https:\/\/pasqualarnella.com\/#\/schema\/person\/d697584f103985c91ade7c9499b126d8\"},\"headline\":\"Cabezas de pasta de papel, un lienzo para El Despertar del Mito: Gala Dal\u00ed\",\"datePublished\":\"2025-05-14T12:46:57+00:00\",\"dateModified\":\"2026-02-18T12:14:54+00:00\",\"mainEntityOfPage\":{\"@id\":\"https:\/\/pasqualarnella.com\/paper-paste-heads-gala-dali-myth\/\"},\"wordCount\":781,\"commentCount\":0,\"publisher\":{\"@id\":\"https:\/\/pasqualarnella.com\/#organization\"},\"image\":{\"@id\":\"https:\/\/pasqualarnella.com\/paper-paste-heads-gala-dali-myth\/#primaryimage\"},\"thumbnailUrl\":\"https:\/\/pasqualarnella.com\/wp-content\/uploads\/2025\/05\/gala_dali.jpg\",\"articleSection\":[\"Sin categorizar\"],\"inLanguage\":\"es\",\"potentialAction\":[{\"@type\":\"CommentAction\",\"name\":\"Comment\",\"target\":[\"https:\/\/pasqualarnella.com\/paper-paste-heads-gala-dali-myth\/#respond\"]}]},{\"@type\":\"WebPage\",\"@id\":\"https:\/\/pasqualarnella.com\/paper-paste-heads-gala-dali-myth\/\",\"url\":\"https:\/\/pasqualarnella.com\/paper-paste-heads-gala-dali-myth\/\",\"name\":\"Cabezas de pasta de papel, un lienzo para El Despertar del Mito: Gala Dal\u00ed\",\"isPartOf\":{\"@id\":\"https:\/\/pasqualarnella.com\/#website\"},\"primaryImageOfPage\":{\"@id\":\"https:\/\/pasqualarnella.com\/paper-paste-heads-gala-dali-myth\/#primaryimage\"},\"image\":{\"@id\":\"https:\/\/pasqualarnella.com\/paper-paste-heads-gala-dali-myth\/#primaryimage\"},\"thumbnailUrl\":\"https:\/\/pasqualarnella.com\/wp-content\/uploads\/2025\/05\/gala_dali.jpg\",\"datePublished\":\"2025-05-14T12:46:57+00:00\",\"dateModified\":\"2026-02-18T12:14:54+00:00\",\"breadcrumb\":{\"@id\":\"https:\/\/pasqualarnella.com\/paper-paste-heads-gala-dali-myth\/#breadcrumb\"},\"inLanguage\":\"es\",\"potentialAction\":[{\"@type\":\"ReadAction\",\"target\":[\"https:\/\/pasqualarnella.com\/paper-paste-heads-gala-dali-myth\/\"]}]},{\"@type\":\"ImageObject\",\"inLanguage\":\"es\",\"@id\":\"https:\/\/pasqualarnella.com\/paper-paste-heads-gala-dali-myth\/#primaryimage\",\"url\":\"https:\/\/pasqualarnella.com\/wp-content\/uploads\/2025\/05\/gala_dali.jpg\",\"contentUrl\":\"https:\/\/pasqualarnella.com\/wp-content\/uploads\/2025\/05\/gala_dali.jpg\",\"width\":768,\"height\":650},{\"@type\":\"BreadcrumbList\",\"@id\":\"https:\/\/pasqualarnella.com\/paper-paste-heads-gala-dali-myth\/#breadcrumb\",\"itemListElement\":[{\"@type\":\"ListItem\",\"position\":1,\"name\":\"Home\",\"item\":\"https:\/\/pasqualarnella.com\/\"},{\"@type\":\"ListItem\",\"position\":2,\"name\":\"Cabezas de pasta de papel, un lienzo para El Despertar del Mito: Gala Dal\u00ed\"}]},{\"@type\":\"WebSite\",\"@id\":\"https:\/\/pasqualarnella.com\/#website\",\"url\":\"https:\/\/pasqualarnella.com\/\",\"name\":\"PasqualArnella\",\"description\":\"\",\"publisher\":{\"@id\":\"https:\/\/pasqualarnella.com\/#organization\"},\"potentialAction\":[{\"@type\":\"SearchAction\",\"target\":{\"@type\":\"EntryPoint\",\"urlTemplate\":\"https:\/\/pasqualarnella.com\/?s={search_term_string}\"},\"query-input\":{\"@type\":\"PropertyValueSpecification\",\"valueRequired\":true,\"valueName\":\"search_term_string\"}}],\"inLanguage\":\"es\"},{\"@type\":\"Organization\",\"@id\":\"https:\/\/pasqualarnella.com\/#organization\",\"name\":\"PasqualArnella\",\"url\":\"https:\/\/pasqualarnella.com\/\",\"logo\":{\"@type\":\"ImageObject\",\"inLanguage\":\"es\",\"@id\":\"https:\/\/pasqualarnella.com\/#\/schema\/logo\/image\/\",\"url\":\"https:\/\/pasqualarnella.com\/wp-content\/uploads\/2023\/04\/pasqual-arnella-logo-black.svg\",\"contentUrl\":\"https:\/\/pasqualarnella.com\/wp-content\/uploads\/2023\/04\/pasqual-arnella-logo-black.svg\",\"caption\":\"PasqualArnella\"},\"image\":{\"@id\":\"https:\/\/pasqualarnella.com\/#\/schema\/logo\/image\/\"}},{\"@type\":\"Person\",\"@id\":\"https:\/\/pasqualarnella.com\/#\/schema\/person\/d697584f103985c91ade7c9499b126d8\",\"name\":\"marketing@limbic.cat\",\"image\":{\"@type\":\"ImageObject\",\"inLanguage\":\"es\",\"@id\":\"https:\/\/pasqualarnella.com\/#\/schema\/person\/image\/\",\"url\":\"https:\/\/secure.gravatar.com\/avatar\/13bf9db52b469f9f9804926f5994b06e67b4758144c60de5d1c576c0dc3076d9?s=96&d=mm&r=g\",\"contentUrl\":\"https:\/\/secure.gravatar.com\/avatar\/13bf9db52b469f9f9804926f5994b06e67b4758144c60de5d1c576c0dc3076d9?s=96&d=mm&r=g\",\"caption\":\"marketing@limbic.cat\"}}]}<\/script>\n<!-- \/ Yoast SEO plugin. -->","yoast_head_json":{"title":"Cabezas de pasta de papel, un lienzo para El Despertar del Mito: Gala Dal\u00ed","robots":{"index":"index","follow":"follow","max-snippet":"max-snippet:-1","max-image-preview":"max-image-preview:large","max-video-preview":"max-video-preview:-1"},"canonical":"https:\/\/pasqualarnella.com\/paper-paste-heads-gala-dali-myth\/","og_locale":"es_ES","og_type":"article","og_title":"Cabezas de pasta de papel, un lienzo para El Despertar del Mito: Gala Dal\u00ed","og_description":"En Pasqual Arnella llevamos m\u00e1s de un siglo dedic\u00e1ndonos a la fabricaci\u00f3n de productos de pasta de papel. Somos una empresa familiar con profundas ra\u00edces en la artesan\u00eda y la innovaci\u00f3n, y cada pieza que creamos refleja nuestro compromiso con el dise\u00f1o, la funcionalidad y el respeto por el medio ambiente. Por eso, cuando nos [&hellip;]","og_url":"https:\/\/pasqualarnella.com\/paper-paste-heads-gala-dali-myth\/","og_site_name":"PasqualArnella","article_published_time":"2025-05-14T12:46:57+00:00","article_modified_time":"2026-02-18T12:14:54+00:00","og_image":[{"width":768,"height":650,"url":"https:\/\/pasqualarnella.com\/wp-content\/uploads\/2025\/05\/gala_dali.jpg","type":"image\/jpeg"}],"author":"marketing@limbic.cat","twitter_card":"summary_large_image","twitter_misc":{"Escrito por":"marketing@limbic.cat","Tiempo de lectura":"5 minutos"},"schema":{"@context":"https:\/\/schema.org","@graph":[{"@type":"Article","@id":"https:\/\/pasqualarnella.com\/paper-paste-heads-gala-dali-myth\/#article","isPartOf":{"@id":"https:\/\/pasqualarnella.com\/paper-paste-heads-gala-dali-myth\/"},"author":{"name":"marketing@limbic.cat","@id":"https:\/\/pasqualarnella.com\/#\/schema\/person\/d697584f103985c91ade7c9499b126d8"},"headline":"Cabezas de pasta de papel, un lienzo para El Despertar del Mito: Gala Dal\u00ed","datePublished":"2025-05-14T12:46:57+00:00","dateModified":"2026-02-18T12:14:54+00:00","mainEntityOfPage":{"@id":"https:\/\/pasqualarnella.com\/paper-paste-heads-gala-dali-myth\/"},"wordCount":781,"commentCount":0,"publisher":{"@id":"https:\/\/pasqualarnella.com\/#organization"},"image":{"@id":"https:\/\/pasqualarnella.com\/paper-paste-heads-gala-dali-myth\/#primaryimage"},"thumbnailUrl":"https:\/\/pasqualarnella.com\/wp-content\/uploads\/2025\/05\/gala_dali.jpg","articleSection":["Sin categorizar"],"inLanguage":"es","potentialAction":[{"@type":"CommentAction","name":"Comment","target":["https:\/\/pasqualarnella.com\/paper-paste-heads-gala-dali-myth\/#respond"]}]},{"@type":"WebPage","@id":"https:\/\/pasqualarnella.com\/paper-paste-heads-gala-dali-myth\/","url":"https:\/\/pasqualarnella.com\/paper-paste-heads-gala-dali-myth\/","name":"Cabezas de pasta de papel, un lienzo para El Despertar del Mito: Gala Dal\u00ed","isPartOf":{"@id":"https:\/\/pasqualarnella.com\/#website"},"primaryImageOfPage":{"@id":"https:\/\/pasqualarnella.com\/paper-paste-heads-gala-dali-myth\/#primaryimage"},"image":{"@id":"https:\/\/pasqualarnella.com\/paper-paste-heads-gala-dali-myth\/#primaryimage"},"thumbnailUrl":"https:\/\/pasqualarnella.com\/wp-content\/uploads\/2025\/05\/gala_dali.jpg","datePublished":"2025-05-14T12:46:57+00:00","dateModified":"2026-02-18T12:14:54+00:00","breadcrumb":{"@id":"https:\/\/pasqualarnella.com\/paper-paste-heads-gala-dali-myth\/#breadcrumb"},"inLanguage":"es","potentialAction":[{"@type":"ReadAction","target":["https:\/\/pasqualarnella.com\/paper-paste-heads-gala-dali-myth\/"]}]},{"@type":"ImageObject","inLanguage":"es","@id":"https:\/\/pasqualarnella.com\/paper-paste-heads-gala-dali-myth\/#primaryimage","url":"https:\/\/pasqualarnella.com\/wp-content\/uploads\/2025\/05\/gala_dali.jpg","contentUrl":"https:\/\/pasqualarnella.com\/wp-content\/uploads\/2025\/05\/gala_dali.jpg","width":768,"height":650},{"@type":"BreadcrumbList","@id":"https:\/\/pasqualarnella.com\/paper-paste-heads-gala-dali-myth\/#breadcrumb","itemListElement":[{"@type":"ListItem","position":1,"name":"Home","item":"https:\/\/pasqualarnella.com\/"},{"@type":"ListItem","position":2,"name":"Cabezas de pasta de papel, un lienzo para El Despertar del Mito: Gala Dal\u00ed"}]},{"@type":"WebSite","@id":"https:\/\/pasqualarnella.com\/#website","url":"https:\/\/pasqualarnella.com\/","name":"PasqualArnella","description":"","publisher":{"@id":"https:\/\/pasqualarnella.com\/#organization"},"potentialAction":[{"@type":"SearchAction","target":{"@type":"EntryPoint","urlTemplate":"https:\/\/pasqualarnella.com\/?s={search_term_string}"},"query-input":{"@type":"PropertyValueSpecification","valueRequired":true,"valueName":"search_term_string"}}],"inLanguage":"es"},{"@type":"Organization","@id":"https:\/\/pasqualarnella.com\/#organization","name":"PasqualArnella","url":"https:\/\/pasqualarnella.com\/","logo":{"@type":"ImageObject","inLanguage":"es","@id":"https:\/\/pasqualarnella.com\/#\/schema\/logo\/image\/","url":"https:\/\/pasqualarnella.com\/wp-content\/uploads\/2023\/04\/pasqual-arnella-logo-black.svg","contentUrl":"https:\/\/pasqualarnella.com\/wp-content\/uploads\/2023\/04\/pasqual-arnella-logo-black.svg","caption":"PasqualArnella"},"image":{"@id":"https:\/\/pasqualarnella.com\/#\/schema\/logo\/image\/"}},{"@type":"Person","@id":"https:\/\/pasqualarnella.com\/#\/schema\/person\/d697584f103985c91ade7c9499b126d8","name":"marketing@limbic.cat","image":{"@type":"ImageObject","inLanguage":"es","@id":"https:\/\/pasqualarnella.com\/#\/schema\/person\/image\/","url":"https:\/\/secure.gravatar.com\/avatar\/13bf9db52b469f9f9804926f5994b06e67b4758144c60de5d1c576c0dc3076d9?s=96&d=mm&r=g","contentUrl":"https:\/\/secure.gravatar.com\/avatar\/13bf9db52b469f9f9804926f5994b06e67b4758144c60de5d1c576c0dc3076d9?s=96&d=mm&r=g","caption":"marketing@limbic.cat"}}]}},"_links":{"self":[{"href":"https:\/\/pasqualarnella.com\/es\/wp-json\/wp\/v2\/posts\/9605","targetHints":{"allow":["GET"]}}],"collection":[{"href":"https:\/\/pasqualarnella.com\/es\/wp-json\/wp\/v2\/posts"}],"about":[{"href":"https:\/\/pasqualarnella.com\/es\/wp-json\/wp\/v2\/types\/post"}],"author":[{"embeddable":true,"href":"https:\/\/pasqualarnella.com\/es\/wp-json\/wp\/v2\/users\/4"}],"replies":[{"embeddable":true,"href":"https:\/\/pasqualarnella.com\/es\/wp-json\/wp\/v2\/comments?post=9605"}],"version-history":[{"count":8,"href":"https:\/\/pasqualarnella.com\/es\/wp-json\/wp\/v2\/posts\/9605\/revisions"}],"predecessor-version":[{"id":12265,"href":"https:\/\/pasqualarnella.com\/es\/wp-json\/wp\/v2\/posts\/9605\/revisions\/12265"}],"wp:featuredmedia":[{"embeddable":true,"href":"https:\/\/pasqualarnella.com\/es\/wp-json\/wp\/v2\/media\/11007"}],"wp:attachment":[{"href":"https:\/\/pasqualarnella.com\/es\/wp-json\/wp\/v2\/media?parent=9605"}],"wp:term":[{"taxonomy":"category","embeddable":true,"href":"https:\/\/pasqualarnella.com\/es\/wp-json\/wp\/v2\/categories?post=9605"},{"taxonomy":"post_tag","embeddable":true,"href":"https:\/\/pasqualarnella.com\/es\/wp-json\/wp\/v2\/tags?post=9605"}],"curies":[{"name":"wp","href":"https:\/\/api.w.org\/{rel}","templated":true}]}}