{"id":9691,"date":"2025-07-01T10:09:37","date_gmt":"2025-07-01T08:09:37","guid":{"rendered":"https:\/\/www.pasqualarnella.com\/?p=9691"},"modified":"2026-02-18T12:14:25","modified_gmt":"2026-02-18T12:14:25","slug":"nuestros-bustos-forman-parte-universo-creativo-de-trafico-de-modas","status":"publish","type":"post","link":"https:\/\/pasqualarnella.com\/es\/nuestros-bustos-forman-parte-universo-creativo-de-trafico-de-modas\/","title":{"rendered":"Nuestros bustos forman parte del universo creativo de Tr\u00e1fico de Modas"},"content":{"rendered":"\t\t<div data-elementor-type=\"wp-post\" data-elementor-id=\"9691\" class=\"elementor elementor-9691\" data-elementor-post-type=\"post\">\n\t\t\t\t<div class=\"elementor-element elementor-element-402de98 e-flex e-con-boxed e-con e-parent\" data-id=\"402de98\" data-element_type=\"container\" data-e-type=\"container\" data-settings=\"{&quot;jet_parallax_layout_list&quot;:[]}\">\n\t\t\t\t\t<div class=\"e-con-inner\">\n\t\t<div class=\"elementor-element elementor-element-75d3658 e-con-full e-flex e-con e-child\" data-id=\"75d3658\" data-element_type=\"container\" data-e-type=\"container\" data-settings=\"{&quot;jet_parallax_layout_list&quot;:[]}\">\n\t\t\t\t<div class=\"elementor-element elementor-element-279dda2 elementor-widget elementor-widget-text-editor\" data-id=\"279dda2\" data-element_type=\"widget\" data-e-type=\"widget\" data-widget_type=\"text-editor.default\">\n\t\t\t\t<div class=\"elementor-widget-container\">\n\t\t\t\t\t\t\t\t\t<p>En Pasqual Arnella concebimos el dise\u00f1o como un lenguaje. Un medio silencioso pero poderoso, que transmite valores, ideas y formas de estar en el mundo. Por eso, cuando nuestras piezas forman parte de proyectos como <span class=\"s1\"><i>Tr\u00e1fico de Modas 1980\u20131992. Arrebato, juego, familia<\/i><\/span>, sentimos que el trabajo artesanal cobra un nuevo sentido: se convierte en herramienta para la memoria, en un gesto que dialoga con la historia, la creatividad y la emoci\u00f3n.<b><br \/><\/b><br \/>Esta exposici\u00f3n, que se puede <a href=\"https:\/\/www.uv.es\/uvweb\/cultura\/es\/lista-actividad\/trafico-modas-1980-1992-\/br-arrebato-juego-familia-1285871673078\/Activitat.html?id=1286393747864\" target=\"_blank\" rel=\"noopener\"><span class=\"s2\">visitar en el Centre Cultural La Nau<\/span><\/a> de Valencia, es mucho m\u00e1s que una retrospectiva de una marca de ropa. Es un recorrido \u00edntimo, afectivo y pol\u00edtico por una \u00e9poca donde la moda fue un veh\u00edculo de expresi\u00f3n personal y colectiva. Un espacio donde lo est\u00e9tico era inseparable de lo vital.<\/p>\t\t\t\t\t\t\t\t<\/div>\n\t\t\t\t<\/div>\n\t\t\t\t<\/div>\n\t\t\t\t\t<\/div>\n\t\t\t\t<\/div>\n\t\t<div class=\"elementor-element elementor-element-36df867 e-flex e-con-boxed e-con e-parent\" data-id=\"36df867\" data-element_type=\"container\" data-e-type=\"container\" data-settings=\"{&quot;jet_parallax_layout_list&quot;:[]}\">\n\t\t\t\t\t<div class=\"e-con-inner\">\n\t\t<div class=\"elementor-element elementor-element-9e6c892 e-con-full e-flex e-con e-child\" data-id=\"9e6c892\" data-element_type=\"container\" data-e-type=\"container\" data-settings=\"{&quot;jet_parallax_layout_list&quot;:[]}\">\n\t\t\t\t<div class=\"elementor-element elementor-element-ac821e0 elementor-widget elementor-widget-image\" data-id=\"ac821e0\" data-element_type=\"widget\" data-e-type=\"widget\" data-widget_type=\"image.default\">\n\t\t\t\t<div class=\"elementor-widget-container\">\n\t\t\t\t\t\t\t\t\t\t\t\t\t\t\t<img fetchpriority=\"high\" decoding=\"async\" width=\"800\" height=\"450\" src=\"https:\/\/pasqualarnella.com\/wp-content\/uploads\/2025\/07\/2-1024x576.png\" class=\"attachment-large size-large wp-image-13494\" alt=\"\" srcset=\"https:\/\/pasqualarnella.com\/wp-content\/uploads\/2025\/07\/2-1024x576.png 1024w, https:\/\/pasqualarnella.com\/wp-content\/uploads\/2025\/07\/2-300x169.png 300w, https:\/\/pasqualarnella.com\/wp-content\/uploads\/2025\/07\/2-768x432.png 768w, https:\/\/pasqualarnella.com\/wp-content\/uploads\/2025\/07\/2-600x337.png 600w, https:\/\/pasqualarnella.com\/wp-content\/uploads\/2025\/07\/2.png 1366w\" sizes=\"(max-width: 800px) 100vw, 800px\" \/>\t\t\t\t\t\t\t\t\t\t\t\t\t\t\t<\/div>\n\t\t\t\t<\/div>\n\t\t\t\t<\/div>\n\t\t\t\t\t<\/div>\n\t\t\t\t<\/div>\n\t\t<div class=\"elementor-element elementor-element-9eab16e e-flex e-con-boxed e-con e-parent\" data-id=\"9eab16e\" data-element_type=\"container\" data-e-type=\"container\" data-settings=\"{&quot;jet_parallax_layout_list&quot;:[]}\">\n\t\t\t\t\t<div class=\"e-con-inner\">\n\t\t<div class=\"elementor-element elementor-element-a6e24cd e-con-full e-flex e-con e-child\" data-id=\"a6e24cd\" data-element_type=\"container\" data-e-type=\"container\" data-settings=\"{&quot;jet_parallax_layout_list&quot;:[]}\">\n\t\t\t\t<div class=\"elementor-element elementor-element-8bdd556 elementor-widget elementor-widget-text-editor\" data-id=\"8bdd556\" data-element_type=\"widget\" data-e-type=\"widget\" data-widget_type=\"text-editor.default\">\n\t\t\t\t<div class=\"elementor-widget-container\">\n\t\t\t\t\t\t\t\t\t<h3>Una exposici\u00f3n que habla de cuerpos, amistades y rebeld\u00eda<\/h3><p>Tr\u00e1fico de Modas no fue solo una firma de moda valenciana activa entre 1980 y 1992. Fue, sobre todo, una comunidad creativa, un grupo de afinidades electivas que entend\u00eda el vestir como un juego, una declaraci\u00f3n de intenciones, una forma de abrir espacio a lo diferente.<\/p><p>En plena transici\u00f3n democr\u00e1tica, cuando el pa\u00eds ensayaba nuevas libertades y formas de ser, Tr\u00e1fico de Modas apost\u00f3 por una propuesta radicalmente original. Ropa sin g\u00e9nero, patrones teatrales, tejidos reciclados, talleres autogestionados, colecciones que desafiaban el mercado convencional. Todo desde una mirada festiva, cr\u00edtica y profundamente artesanal.<\/p>\t\t\t\t\t\t\t\t<\/div>\n\t\t\t\t<\/div>\n\t\t\t\t<\/div>\n\t\t\t\t\t<\/div>\n\t\t\t\t<\/div>\n\t\t<div class=\"elementor-element elementor-element-c2c9dfd e-flex e-con-boxed e-con e-parent\" data-id=\"c2c9dfd\" data-element_type=\"container\" data-e-type=\"container\" data-settings=\"{&quot;jet_parallax_layout_list&quot;:[]}\">\n\t\t\t\t\t<div class=\"e-con-inner\">\n\t\t<div class=\"elementor-element elementor-element-36d056f e-con-full e-flex e-con e-child\" data-id=\"36d056f\" data-element_type=\"container\" data-e-type=\"container\" data-settings=\"{&quot;jet_parallax_layout_list&quot;:[]}\">\n\t\t\t\t<div class=\"elementor-element elementor-element-3d39d99 elementor-widget elementor-widget-image\" data-id=\"3d39d99\" data-element_type=\"widget\" data-e-type=\"widget\" data-widget_type=\"image.default\">\n\t\t\t\t<div class=\"elementor-widget-container\">\n\t\t\t\t\t\t\t\t\t\t\t\t\t\t\t<img decoding=\"async\" width=\"800\" height=\"450\" src=\"https:\/\/pasqualarnella.com\/wp-content\/uploads\/2025\/07\/3-1024x576.png\" class=\"attachment-large size-large wp-image-13495\" alt=\"\" srcset=\"https:\/\/pasqualarnella.com\/wp-content\/uploads\/2025\/07\/3-1024x576.png 1024w, https:\/\/pasqualarnella.com\/wp-content\/uploads\/2025\/07\/3-300x169.png 300w, https:\/\/pasqualarnella.com\/wp-content\/uploads\/2025\/07\/3-768x432.png 768w, https:\/\/pasqualarnella.com\/wp-content\/uploads\/2025\/07\/3-600x337.png 600w, https:\/\/pasqualarnella.com\/wp-content\/uploads\/2025\/07\/3.png 1366w\" sizes=\"(max-width: 800px) 100vw, 800px\" \/>\t\t\t\t\t\t\t\t\t\t\t\t\t\t\t<\/div>\n\t\t\t\t<\/div>\n\t\t\t\t<\/div>\n\t\t\t\t\t<\/div>\n\t\t\t\t<\/div>\n\t\t<div class=\"elementor-element elementor-element-02b5046 e-flex e-con-boxed e-con e-parent\" data-id=\"02b5046\" data-element_type=\"container\" data-e-type=\"container\" data-settings=\"{&quot;jet_parallax_layout_list&quot;:[]}\">\n\t\t\t\t\t<div class=\"e-con-inner\">\n\t\t<div class=\"elementor-element elementor-element-b65afe3 e-con-full e-flex e-con e-child\" data-id=\"b65afe3\" data-element_type=\"container\" data-e-type=\"container\" data-settings=\"{&quot;jet_parallax_layout_list&quot;:[]}\">\n\t\t\t\t<div class=\"elementor-element elementor-element-b9ff041 elementor-widget elementor-widget-text-editor\" data-id=\"b9ff041\" data-element_type=\"widget\" data-e-type=\"widget\" data-widget_type=\"text-editor.default\">\n\t\t\t\t<div class=\"elementor-widget-container\">\n\t\t\t\t\t\t\t\t\t<p class=\"p1\">La exposici\u00f3n recoge ese esp\u00edritu desde un enfoque transversal: moda, arte, dise\u00f1o gr\u00e1fico, fotograf\u00eda, archivo personal\u2026 Los objetos se entrelazan con los recuerdos, las prendas con las voces. Es una muestra afectiva y pol\u00edtica a la vez, que reivindica una forma de hacer y de crear en red, desde la complicidad y la libertad.<\/p><h3>Nuestros bustos, elementos clave en esta escenograf\u00eda<\/h3><p class=\"p1\">En este contexto tan cargado de significado, nuestros bustos act\u00faan como estructuras al servicio de la narraci\u00f3n. No son simples soportes para ropa: son presencias silenciosas que contribuyen a escenificar la historia, a darle cuerpo (literalmente) a las prendas, a sostener la memoria material de una \u00e9poca.<\/p><p class=\"p1\">Para la muestra se han utilizado distintos modelos de nuestra colecci\u00f3n, adaptados expresamente para integrarse en el montaje circular de la sala. Todos ellos fabricados artesanalmente con pasta de papel reciclado, un material que encarna nuestros valores: sostenibilidad, respeto por los recursos, y la belleza en la simplicidad.<\/p><p class=\"p1\">Concretamente, en la exposici\u00f3n se han utilizado el modelo <a href=\"https:\/\/pasqualarnella.com\/es\/catalogue\/haltia\/\" target=\"_blank\" rel=\"noopener\"><span class=\"s1\">Haltia<\/span><\/a>, un busto de mujer de l\u00edneas estilizadas, naturales y elegantes, y <a href=\"https:\/\/pasqualarnella.com\/es\/catalogue\/busto-de-nino\/\" target=\"_blank\" rel=\"noopener\"><span class=\"s1\">bustos de ni\u00f1o<\/span><\/a> que destacan por su encanto y estilo cl\u00e1sico. El acabado en ambos casos ha sido en pintado antracita, y hemos incluido un sistema de suspensi\u00f3n integrado para su instalaci\u00f3n a\u00e9rea.<\/p>\t\t\t\t\t\t\t\t<\/div>\n\t\t\t\t<\/div>\n\t\t\t\t<\/div>\n\t\t\t\t\t<\/div>\n\t\t\t\t<\/div>\n\t\t<div class=\"elementor-element elementor-element-c3ddbf9 e-flex e-con-boxed e-con e-parent\" data-id=\"c3ddbf9\" data-element_type=\"container\" data-e-type=\"container\" data-settings=\"{&quot;jet_parallax_layout_list&quot;:[]}\">\n\t\t\t\t\t<div class=\"e-con-inner\">\n\t\t<div class=\"elementor-element elementor-element-91e13fd e-con-full e-flex e-con e-child\" data-id=\"91e13fd\" data-element_type=\"container\" data-e-type=\"container\" data-settings=\"{&quot;jet_parallax_layout_list&quot;:[]}\">\n\t\t\t\t<div class=\"elementor-element elementor-element-23bda8e elementor-widget elementor-widget-image\" data-id=\"23bda8e\" data-element_type=\"widget\" data-e-type=\"widget\" data-widget_type=\"image.default\">\n\t\t\t\t<div class=\"elementor-widget-container\">\n\t\t\t\t\t\t\t\t\t\t\t\t\t\t\t<img decoding=\"async\" width=\"800\" height=\"450\" src=\"https:\/\/pasqualarnella.com\/wp-content\/uploads\/2025\/07\/4-1024x576.png\" class=\"attachment-large size-large wp-image-13496\" alt=\"\" srcset=\"https:\/\/pasqualarnella.com\/wp-content\/uploads\/2025\/07\/4-1024x576.png 1024w, https:\/\/pasqualarnella.com\/wp-content\/uploads\/2025\/07\/4-300x169.png 300w, https:\/\/pasqualarnella.com\/wp-content\/uploads\/2025\/07\/4-768x432.png 768w, https:\/\/pasqualarnella.com\/wp-content\/uploads\/2025\/07\/4-600x337.png 600w, https:\/\/pasqualarnella.com\/wp-content\/uploads\/2025\/07\/4.png 1366w\" sizes=\"(max-width: 800px) 100vw, 800px\" \/>\t\t\t\t\t\t\t\t\t\t\t\t\t\t\t<\/div>\n\t\t\t\t<\/div>\n\t\t\t\t<\/div>\n\t\t\t\t\t<\/div>\n\t\t\t\t<\/div>\n\t\t<div class=\"elementor-element elementor-element-0595c76 e-flex e-con-boxed e-con e-parent\" data-id=\"0595c76\" data-element_type=\"container\" data-e-type=\"container\" data-settings=\"{&quot;jet_parallax_layout_list&quot;:[]}\">\n\t\t\t\t\t<div class=\"e-con-inner\">\n\t\t<div class=\"elementor-element elementor-element-50b26ae e-con-full e-flex e-con e-child\" data-id=\"50b26ae\" data-element_type=\"container\" data-e-type=\"container\" data-settings=\"{&quot;jet_parallax_layout_list&quot;:[]}\">\n\t\t\t\t<div class=\"elementor-element elementor-element-54c4940 elementor-widget elementor-widget-text-editor\" data-id=\"54c4940\" data-element_type=\"widget\" data-e-type=\"widget\" data-widget_type=\"text-editor.default\">\n\t\t\t\t<div class=\"elementor-widget-container\">\n\t\t\t\t\t\t\t\t\t<p class=\"p1\">Los bustos han sido seleccionados por el equipo de <a href=\"https:\/\/articlar.es\/art-i-clar\/\" target=\"_blank\" rel=\"noopener\"><span class=\"s1\">Art i Clar<\/span><\/a>, encargados del dise\u00f1o y montaje expositivo, con quienes ha sido un placer colaborar. Su sensibilidad est\u00e9tica y su respeto por el relato curatorial nos han permitido adaptar nuestras piezas a un lenguaje escenogr\u00e1fico coherente, evocador y muy cuidado. Por ello, agradecemos a Art i Clar su confianza. Participar en esta exposici\u00f3n ha sido para nosotros una oportunidad para conectar con la dimensi\u00f3n simb\u00f3lica del objeto artesanal.<\/p><p class=\"p1\">Una prenda, un busto, un archivo: todos son fragmentos de una historia que merece ser contada con cuidado.<\/p><p class=\"p1\">En Pasqual Arnella creemos en un dise\u00f1o con alma, que escuche el pasado sin dejar de mirar hacia adelante. Y que cuando encuentra proyectos como Tr\u00e1fico de Modas, se reafirma en su raz\u00f3n de ser.<\/p>\t\t\t\t\t\t\t\t<\/div>\n\t\t\t\t<\/div>\n\t\t\t\t<\/div>\n\t\t\t\t\t<\/div>\n\t\t\t\t<\/div>\n\t\t<div class=\"elementor-element elementor-element-8a85db1 e-flex e-con-boxed e-con e-parent\" data-id=\"8a85db1\" data-element_type=\"container\" data-e-type=\"container\" data-settings=\"{&quot;jet_parallax_layout_list&quot;:[]}\">\n\t\t\t\t\t<div class=\"e-con-inner\">\n\t\t<div class=\"elementor-element elementor-element-8e5fe8a e-con-full e-flex e-con e-child\" data-id=\"8e5fe8a\" data-element_type=\"container\" data-e-type=\"container\" data-settings=\"{&quot;jet_parallax_layout_list&quot;:[]}\">\n\t\t\t\t<div class=\"elementor-element elementor-element-ad53df5 elementor-widget elementor-widget-image\" data-id=\"ad53df5\" data-element_type=\"widget\" data-e-type=\"widget\" data-widget_type=\"image.default\">\n\t\t\t\t<div class=\"elementor-widget-container\">\n\t\t\t\t\t\t\t\t\t\t\t\t\t\t\t<img loading=\"lazy\" decoding=\"async\" width=\"800\" height=\"360\" src=\"https:\/\/pasqualarnella.com\/wp-content\/uploads\/2025\/07\/5-1024x461.jpg\" class=\"attachment-large size-large wp-image-13497\" alt=\"\" srcset=\"https:\/\/pasqualarnella.com\/wp-content\/uploads\/2025\/07\/5-1024x461.jpg 1024w, https:\/\/pasqualarnella.com\/wp-content\/uploads\/2025\/07\/5-300x135.jpg 300w, https:\/\/pasqualarnella.com\/wp-content\/uploads\/2025\/07\/5-768x346.jpg 768w, https:\/\/pasqualarnella.com\/wp-content\/uploads\/2025\/07\/5-1536x691.jpg 1536w, https:\/\/pasqualarnella.com\/wp-content\/uploads\/2025\/07\/5-600x270.jpg 600w, https:\/\/pasqualarnella.com\/wp-content\/uploads\/2025\/07\/5.jpg 1600w\" sizes=\"(max-width: 800px) 100vw, 800px\" \/>\t\t\t\t\t\t\t\t\t\t\t\t\t\t\t<\/div>\n\t\t\t\t<\/div>\n\t\t\t\t<\/div>\n\t\t\t\t\t<\/div>\n\t\t\t\t<\/div>\n\t\t\t\t<\/div>\n\t\t","protected":false},"excerpt":{"rendered":"<p>En Pasqual Arnella concebimos el dise\u00f1o como un lenguaje. Un medio silencioso pero poderoso, que transmite valores, ideas y formas de estar en el mundo. Por eso, cuando nuestras piezas forman parte de proyectos como Tr\u00e1fico de Modas 1980\u20131992. Arrebato, juego, familia, sentimos que el trabajo artesanal cobra un nuevo sentido: se convierte en herramienta [&hellip;]<\/p>\n","protected":false},"author":4,"featured_media":13548,"comment_status":"open","ping_status":"open","sticky":false,"template":"elementor_theme","format":"standard","meta":{"_jet_sm_ready_style":"","_jet_sm_style":"","_jet_sm_controls_values":"","_jet_sm_fonts_collection":"","_jet_sm_fonts_links":"","footnotes":""},"categories":[2],"tags":[],"class_list":["post-9691","post","type-post","status-publish","format-standard","has-post-thumbnail","hentry","category-sin-categorizar"],"yoast_head":"<!-- This site is optimized with the Yoast SEO plugin v27.0 - https:\/\/yoast.com\/product\/yoast-seo-wordpress\/ -->\n<title>Nuestros bustos forman parte del universo creativo de Tr\u00e1fico de Modas<\/title>\n<meta name=\"robots\" content=\"index, follow, max-snippet:-1, max-image-preview:large, max-video-preview:-1\" \/>\n<link rel=\"canonical\" href=\"https:\/\/pasqualarnella.com\/our-busts-creative-universe-trafico-modas\/\" \/>\n<meta property=\"og:locale\" content=\"es_ES\" \/>\n<meta property=\"og:type\" content=\"article\" \/>\n<meta property=\"og:title\" content=\"Nuestros bustos forman parte del universo creativo de Tr\u00e1fico de Modas\" \/>\n<meta property=\"og:description\" content=\"En Pasqual Arnella concebimos el dise\u00f1o como un lenguaje. Un medio silencioso pero poderoso, que transmite valores, ideas y formas de estar en el mundo. Por eso, cuando nuestras piezas forman parte de proyectos como Tr\u00e1fico de Modas 1980\u20131992. Arrebato, juego, familia, sentimos que el trabajo artesanal cobra un nuevo sentido: se convierte en herramienta [&hellip;]\" \/>\n<meta property=\"og:url\" content=\"https:\/\/pasqualarnella.com\/our-busts-creative-universe-trafico-modas\/\" \/>\n<meta property=\"og:site_name\" content=\"PasqualArnella\" \/>\n<meta property=\"article:published_time\" content=\"2025-07-01T08:09:37+00:00\" \/>\n<meta property=\"article:modified_time\" content=\"2026-02-18T12:14:25+00:00\" \/>\n<meta property=\"og:image\" content=\"https:\/\/pasqualarnella.com\/wp-content\/uploads\/2025\/07\/PA-01-e1753350432634.jpeg\" \/>\n\t<meta property=\"og:image:width\" content=\"717\" \/>\n\t<meta property=\"og:image:height\" content=\"533\" \/>\n\t<meta property=\"og:image:type\" content=\"image\/jpeg\" \/>\n<meta name=\"author\" content=\"marketing@limbic.cat\" \/>\n<meta name=\"twitter:card\" content=\"summary_large_image\" \/>\n<meta name=\"twitter:label1\" content=\"Escrito por\" \/>\n\t<meta name=\"twitter:data1\" content=\"marketing@limbic.cat\" \/>\n\t<meta name=\"twitter:label2\" content=\"Tiempo de lectura\" \/>\n\t<meta name=\"twitter:data2\" content=\"4 minutos\" \/>\n<script type=\"application\/ld+json\" class=\"yoast-schema-graph\">{\"@context\":\"https:\/\/schema.org\",\"@graph\":[{\"@type\":\"Article\",\"@id\":\"https:\/\/pasqualarnella.com\/our-busts-creative-universe-trafico-modas\/#article\",\"isPartOf\":{\"@id\":\"https:\/\/pasqualarnella.com\/our-busts-creative-universe-trafico-modas\/\"},\"author\":{\"name\":\"marketing@limbic.cat\",\"@id\":\"https:\/\/pasqualarnella.com\/#\/schema\/person\/d697584f103985c91ade7c9499b126d8\"},\"headline\":\"Nuestros bustos forman parte del universo creativo de Tr\u00e1fico de Modas\",\"datePublished\":\"2025-07-01T08:09:37+00:00\",\"dateModified\":\"2026-02-18T12:14:25+00:00\",\"mainEntityOfPage\":{\"@id\":\"https:\/\/pasqualarnella.com\/our-busts-creative-universe-trafico-modas\/\"},\"wordCount\":625,\"commentCount\":0,\"publisher\":{\"@id\":\"https:\/\/pasqualarnella.com\/#organization\"},\"image\":{\"@id\":\"https:\/\/pasqualarnella.com\/our-busts-creative-universe-trafico-modas\/#primaryimage\"},\"thumbnailUrl\":\"https:\/\/pasqualarnella.com\/wp-content\/uploads\/2025\/07\/PA-01.jpeg\",\"articleSection\":[\"Sin categorizar\"],\"inLanguage\":\"es\",\"potentialAction\":[{\"@type\":\"CommentAction\",\"name\":\"Comment\",\"target\":[\"https:\/\/pasqualarnella.com\/our-busts-creative-universe-trafico-modas\/#respond\"]}]},{\"@type\":\"WebPage\",\"@id\":\"https:\/\/pasqualarnella.com\/our-busts-creative-universe-trafico-modas\/\",\"url\":\"https:\/\/pasqualarnella.com\/our-busts-creative-universe-trafico-modas\/\",\"name\":\"Nuestros bustos forman parte del universo creativo de Tr\u00e1fico de Modas\",\"isPartOf\":{\"@id\":\"https:\/\/pasqualarnella.com\/#website\"},\"primaryImageOfPage\":{\"@id\":\"https:\/\/pasqualarnella.com\/our-busts-creative-universe-trafico-modas\/#primaryimage\"},\"image\":{\"@id\":\"https:\/\/pasqualarnella.com\/our-busts-creative-universe-trafico-modas\/#primaryimage\"},\"thumbnailUrl\":\"https:\/\/pasqualarnella.com\/wp-content\/uploads\/2025\/07\/PA-01.jpeg\",\"datePublished\":\"2025-07-01T08:09:37+00:00\",\"dateModified\":\"2026-02-18T12:14:25+00:00\",\"breadcrumb\":{\"@id\":\"https:\/\/pasqualarnella.com\/our-busts-creative-universe-trafico-modas\/#breadcrumb\"},\"inLanguage\":\"es\",\"potentialAction\":[{\"@type\":\"ReadAction\",\"target\":[\"https:\/\/pasqualarnella.com\/our-busts-creative-universe-trafico-modas\/\"]}]},{\"@type\":\"ImageObject\",\"inLanguage\":\"es\",\"@id\":\"https:\/\/pasqualarnella.com\/our-busts-creative-universe-trafico-modas\/#primaryimage\",\"url\":\"https:\/\/pasqualarnella.com\/wp-content\/uploads\/2025\/07\/PA-01.jpeg\",\"contentUrl\":\"https:\/\/pasqualarnella.com\/wp-content\/uploads\/2025\/07\/PA-01.jpeg\",\"width\":719,\"height\":725},{\"@type\":\"BreadcrumbList\",\"@id\":\"https:\/\/pasqualarnella.com\/our-busts-creative-universe-trafico-modas\/#breadcrumb\",\"itemListElement\":[{\"@type\":\"ListItem\",\"position\":1,\"name\":\"Home\",\"item\":\"https:\/\/pasqualarnella.com\/\"},{\"@type\":\"ListItem\",\"position\":2,\"name\":\"Nuestros bustos forman parte del universo creativo de Tr\u00e1fico de Modas\"}]},{\"@type\":\"WebSite\",\"@id\":\"https:\/\/pasqualarnella.com\/#website\",\"url\":\"https:\/\/pasqualarnella.com\/\",\"name\":\"PasqualArnella\",\"description\":\"\",\"publisher\":{\"@id\":\"https:\/\/pasqualarnella.com\/#organization\"},\"potentialAction\":[{\"@type\":\"SearchAction\",\"target\":{\"@type\":\"EntryPoint\",\"urlTemplate\":\"https:\/\/pasqualarnella.com\/?s={search_term_string}\"},\"query-input\":{\"@type\":\"PropertyValueSpecification\",\"valueRequired\":true,\"valueName\":\"search_term_string\"}}],\"inLanguage\":\"es\"},{\"@type\":\"Organization\",\"@id\":\"https:\/\/pasqualarnella.com\/#organization\",\"name\":\"PasqualArnella\",\"url\":\"https:\/\/pasqualarnella.com\/\",\"logo\":{\"@type\":\"ImageObject\",\"inLanguage\":\"es\",\"@id\":\"https:\/\/pasqualarnella.com\/#\/schema\/logo\/image\/\",\"url\":\"https:\/\/pasqualarnella.com\/wp-content\/uploads\/2023\/04\/pasqual-arnella-logo-black.svg\",\"contentUrl\":\"https:\/\/pasqualarnella.com\/wp-content\/uploads\/2023\/04\/pasqual-arnella-logo-black.svg\",\"caption\":\"PasqualArnella\"},\"image\":{\"@id\":\"https:\/\/pasqualarnella.com\/#\/schema\/logo\/image\/\"}},{\"@type\":\"Person\",\"@id\":\"https:\/\/pasqualarnella.com\/#\/schema\/person\/d697584f103985c91ade7c9499b126d8\",\"name\":\"marketing@limbic.cat\",\"image\":{\"@type\":\"ImageObject\",\"inLanguage\":\"es\",\"@id\":\"https:\/\/pasqualarnella.com\/#\/schema\/person\/image\/\",\"url\":\"https:\/\/secure.gravatar.com\/avatar\/13bf9db52b469f9f9804926f5994b06e67b4758144c60de5d1c576c0dc3076d9?s=96&d=mm&r=g\",\"contentUrl\":\"https:\/\/secure.gravatar.com\/avatar\/13bf9db52b469f9f9804926f5994b06e67b4758144c60de5d1c576c0dc3076d9?s=96&d=mm&r=g\",\"caption\":\"marketing@limbic.cat\"}}]}<\/script>\n<!-- \/ Yoast SEO plugin. -->","yoast_head_json":{"title":"Nuestros bustos forman parte del universo creativo de Tr\u00e1fico de Modas","robots":{"index":"index","follow":"follow","max-snippet":"max-snippet:-1","max-image-preview":"max-image-preview:large","max-video-preview":"max-video-preview:-1"},"canonical":"https:\/\/pasqualarnella.com\/our-busts-creative-universe-trafico-modas\/","og_locale":"es_ES","og_type":"article","og_title":"Nuestros bustos forman parte del universo creativo de Tr\u00e1fico de Modas","og_description":"En Pasqual Arnella concebimos el dise\u00f1o como un lenguaje. Un medio silencioso pero poderoso, que transmite valores, ideas y formas de estar en el mundo. Por eso, cuando nuestras piezas forman parte de proyectos como Tr\u00e1fico de Modas 1980\u20131992. Arrebato, juego, familia, sentimos que el trabajo artesanal cobra un nuevo sentido: se convierte en herramienta [&hellip;]","og_url":"https:\/\/pasqualarnella.com\/our-busts-creative-universe-trafico-modas\/","og_site_name":"PasqualArnella","article_published_time":"2025-07-01T08:09:37+00:00","article_modified_time":"2026-02-18T12:14:25+00:00","og_image":[{"width":717,"height":533,"url":"https:\/\/pasqualarnella.com\/wp-content\/uploads\/2025\/07\/PA-01-e1753350432634.jpeg","type":"image\/jpeg"}],"author":"marketing@limbic.cat","twitter_card":"summary_large_image","twitter_misc":{"Escrito por":"marketing@limbic.cat","Tiempo de lectura":"4 minutos"},"schema":{"@context":"https:\/\/schema.org","@graph":[{"@type":"Article","@id":"https:\/\/pasqualarnella.com\/our-busts-creative-universe-trafico-modas\/#article","isPartOf":{"@id":"https:\/\/pasqualarnella.com\/our-busts-creative-universe-trafico-modas\/"},"author":{"name":"marketing@limbic.cat","@id":"https:\/\/pasqualarnella.com\/#\/schema\/person\/d697584f103985c91ade7c9499b126d8"},"headline":"Nuestros bustos forman parte del universo creativo de Tr\u00e1fico de Modas","datePublished":"2025-07-01T08:09:37+00:00","dateModified":"2026-02-18T12:14:25+00:00","mainEntityOfPage":{"@id":"https:\/\/pasqualarnella.com\/our-busts-creative-universe-trafico-modas\/"},"wordCount":625,"commentCount":0,"publisher":{"@id":"https:\/\/pasqualarnella.com\/#organization"},"image":{"@id":"https:\/\/pasqualarnella.com\/our-busts-creative-universe-trafico-modas\/#primaryimage"},"thumbnailUrl":"https:\/\/pasqualarnella.com\/wp-content\/uploads\/2025\/07\/PA-01.jpeg","articleSection":["Sin categorizar"],"inLanguage":"es","potentialAction":[{"@type":"CommentAction","name":"Comment","target":["https:\/\/pasqualarnella.com\/our-busts-creative-universe-trafico-modas\/#respond"]}]},{"@type":"WebPage","@id":"https:\/\/pasqualarnella.com\/our-busts-creative-universe-trafico-modas\/","url":"https:\/\/pasqualarnella.com\/our-busts-creative-universe-trafico-modas\/","name":"Nuestros bustos forman parte del universo creativo de Tr\u00e1fico de Modas","isPartOf":{"@id":"https:\/\/pasqualarnella.com\/#website"},"primaryImageOfPage":{"@id":"https:\/\/pasqualarnella.com\/our-busts-creative-universe-trafico-modas\/#primaryimage"},"image":{"@id":"https:\/\/pasqualarnella.com\/our-busts-creative-universe-trafico-modas\/#primaryimage"},"thumbnailUrl":"https:\/\/pasqualarnella.com\/wp-content\/uploads\/2025\/07\/PA-01.jpeg","datePublished":"2025-07-01T08:09:37+00:00","dateModified":"2026-02-18T12:14:25+00:00","breadcrumb":{"@id":"https:\/\/pasqualarnella.com\/our-busts-creative-universe-trafico-modas\/#breadcrumb"},"inLanguage":"es","potentialAction":[{"@type":"ReadAction","target":["https:\/\/pasqualarnella.com\/our-busts-creative-universe-trafico-modas\/"]}]},{"@type":"ImageObject","inLanguage":"es","@id":"https:\/\/pasqualarnella.com\/our-busts-creative-universe-trafico-modas\/#primaryimage","url":"https:\/\/pasqualarnella.com\/wp-content\/uploads\/2025\/07\/PA-01.jpeg","contentUrl":"https:\/\/pasqualarnella.com\/wp-content\/uploads\/2025\/07\/PA-01.jpeg","width":719,"height":725},{"@type":"BreadcrumbList","@id":"https:\/\/pasqualarnella.com\/our-busts-creative-universe-trafico-modas\/#breadcrumb","itemListElement":[{"@type":"ListItem","position":1,"name":"Home","item":"https:\/\/pasqualarnella.com\/"},{"@type":"ListItem","position":2,"name":"Nuestros bustos forman parte del universo creativo de Tr\u00e1fico de Modas"}]},{"@type":"WebSite","@id":"https:\/\/pasqualarnella.com\/#website","url":"https:\/\/pasqualarnella.com\/","name":"PasqualArnella","description":"","publisher":{"@id":"https:\/\/pasqualarnella.com\/#organization"},"potentialAction":[{"@type":"SearchAction","target":{"@type":"EntryPoint","urlTemplate":"https:\/\/pasqualarnella.com\/?s={search_term_string}"},"query-input":{"@type":"PropertyValueSpecification","valueRequired":true,"valueName":"search_term_string"}}],"inLanguage":"es"},{"@type":"Organization","@id":"https:\/\/pasqualarnella.com\/#organization","name":"PasqualArnella","url":"https:\/\/pasqualarnella.com\/","logo":{"@type":"ImageObject","inLanguage":"es","@id":"https:\/\/pasqualarnella.com\/#\/schema\/logo\/image\/","url":"https:\/\/pasqualarnella.com\/wp-content\/uploads\/2023\/04\/pasqual-arnella-logo-black.svg","contentUrl":"https:\/\/pasqualarnella.com\/wp-content\/uploads\/2023\/04\/pasqual-arnella-logo-black.svg","caption":"PasqualArnella"},"image":{"@id":"https:\/\/pasqualarnella.com\/#\/schema\/logo\/image\/"}},{"@type":"Person","@id":"https:\/\/pasqualarnella.com\/#\/schema\/person\/d697584f103985c91ade7c9499b126d8","name":"marketing@limbic.cat","image":{"@type":"ImageObject","inLanguage":"es","@id":"https:\/\/pasqualarnella.com\/#\/schema\/person\/image\/","url":"https:\/\/secure.gravatar.com\/avatar\/13bf9db52b469f9f9804926f5994b06e67b4758144c60de5d1c576c0dc3076d9?s=96&d=mm&r=g","contentUrl":"https:\/\/secure.gravatar.com\/avatar\/13bf9db52b469f9f9804926f5994b06e67b4758144c60de5d1c576c0dc3076d9?s=96&d=mm&r=g","caption":"marketing@limbic.cat"}}]}},"_links":{"self":[{"href":"https:\/\/pasqualarnella.com\/es\/wp-json\/wp\/v2\/posts\/9691","targetHints":{"allow":["GET"]}}],"collection":[{"href":"https:\/\/pasqualarnella.com\/es\/wp-json\/wp\/v2\/posts"}],"about":[{"href":"https:\/\/pasqualarnella.com\/es\/wp-json\/wp\/v2\/types\/post"}],"author":[{"embeddable":true,"href":"https:\/\/pasqualarnella.com\/es\/wp-json\/wp\/v2\/users\/4"}],"replies":[{"embeddable":true,"href":"https:\/\/pasqualarnella.com\/es\/wp-json\/wp\/v2\/comments?post=9691"}],"version-history":[{"count":10,"href":"https:\/\/pasqualarnella.com\/es\/wp-json\/wp\/v2\/posts\/9691\/revisions"}],"predecessor-version":[{"id":12262,"href":"https:\/\/pasqualarnella.com\/es\/wp-json\/wp\/v2\/posts\/9691\/revisions\/12262"}],"wp:featuredmedia":[{"embeddable":true,"href":"https:\/\/pasqualarnella.com\/es\/wp-json\/wp\/v2\/media\/13548"}],"wp:attachment":[{"href":"https:\/\/pasqualarnella.com\/es\/wp-json\/wp\/v2\/media?parent=9691"}],"wp:term":[{"taxonomy":"category","embeddable":true,"href":"https:\/\/pasqualarnella.com\/es\/wp-json\/wp\/v2\/categories?post=9691"},{"taxonomy":"post_tag","embeddable":true,"href":"https:\/\/pasqualarnella.com\/es\/wp-json\/wp\/v2\/tags?post=9691"}],"curies":[{"name":"wp","href":"https:\/\/api.w.org\/{rel}","templated":true}]}}